{"id":14322,"date":"2020-06-27T08:15:45","date_gmt":"2020-06-27T13:15:45","guid":{"rendered":"http:\/\/www.zonaroja.com.mx\/?p=14322"},"modified":"2020-06-27T08:15:48","modified_gmt":"2020-06-27T13:15:48","slug":"le-renuncia-otra-funcionaria-a-amlo-ya-son-cuatro-mujeres","status":"publish","type":"post","link":"https:\/\/zonaroja.com.mx\/?p=14322","title":{"rendered":"Le renuncia otra funcionaria a AMLO; ya son cuatro mujeres"},"content":{"rendered":"\n<p>Redacci\u00f3n\/Zona\nRoja Cdmx.<\/p>\n\n\n\n<p>Ciudad\nde M\u00e9xico, 27 de junio de 2020.- Cuatro mujeres en cargos relevantes en el\ngobierno federal, han presentado en el transcurso de este mes su renuncia al\nPresidente de M\u00e9xico, Andr\u00e9s Manuel L\u00f3pez Obrador.<\/p>\n\n\n\n<p>El\nm\u00e1s reciente caso es el de Candelaria Ochoa, titular de la Comisi\u00f3n Nacional\npara Prevenir y Erradicar la Violencia contra las Mujeres (Conavim),\ndependiente de la Secretar\u00eda de Gobernaci\u00f3n; su salida se har\u00e1 oficial a partir\ndel 1 de julio.<\/p>\n\n\n\n<p>Han\npresentado su dimisi\u00f3n tambi\u00e9n este mes: M\u00f3nica Macisse, del Consejo Nacional\npara Prevenir la Discriminaci\u00f3n (Conapred); Mara G\u00f3mez, presidenta de la\nComisi\u00f3n Ejecutiva de Atenci\u00f3n a V\u00edctimas (CEAV), Asa Cristina Laurel,\nsubsecretaria de Integraci\u00f3n y Desarrollo de la Secretar\u00eda de Salud.<\/p>\n\n\n\n<p>En\nel caso de Ochoa, de la Conavim, las fuentes consultadas aseguraron que \u201ctuvo\ndiferencias con sus superiores\u201d, por lo que present\u00f3 su renuncia para retirarse\ndel cargo el 30 de junio. Afirmaron que el hecho es independiente a las\nrenuncias en Conapred o CEAVA.<\/p>\n\n\n\n<p>Al\nmomento la Secretar\u00eda de Gobernaci\u00f3n no ha informado sobre el particular; se\nbusc\u00f3 a Ochoa pero no ha sido posible contactarla v\u00eda telef\u00f3nica.<\/p>\n\n\n\n<p>La\nConavim tiene a su cargo, entre otros, el seguimiento a las alertas de\nviolencia por raz\u00f3n de g\u00e9nero, as\u00ed como la operaci\u00f3n de los Centros de Justicia\npara las Mujeres.<\/p>\n\n\n\n<p>(Con\ninformaci\u00f3n de \u201cLa Jornada\u201d)<\/p>\n","protected":false},"excerpt":{"rendered":"<p>Redacci\u00f3n\/Zona Roja Cdmx. Ciudad de M\u00e9xico, 27 de junio de 2020.- Cuatro mujeres en cargos&hellip;<\/p>\n","protected":false},"author":2,"featured_media":14323,"comment_status":"closed","ping_status":"open","sticky":false,"template":"","format":"standard","meta":{"_lmt_disableupdate":"","_lmt_disable":"","_jetpack_memberships_contains_paid_content":false,"footnotes":""},"categories":[109,47],"tags":[369],"class_list":["post-14322","post","type-post","status-publish","format-standard","has-post-thumbnail","hentry","category-minuto-a-minuto","category-zona-gris","tag-candelaria-ochoa-conavim"],"jetpack_featured_media_url":"https:\/\/zonaroja.com.mx\/wp-content\/uploads\/2020\/06\/Candelaria-Ochoa-AMLO.jpg","jetpack_sharing_enabled":true,"_links":{"self":[{"href":"https:\/\/zonaroja.com.mx\/index.php?rest_route=\/wp\/v2\/posts\/14322","targetHints":{"allow":["GET"]}}],"collection":[{"href":"https:\/\/zonaroja.com.mx\/index.php?rest_route=\/wp\/v2\/posts"}],"about":[{"href":"https:\/\/zonaroja.com.mx\/index.php?rest_route=\/wp\/v2\/types\/post"}],"author":[{"embeddable":true,"href":"https:\/\/zonaroja.com.mx\/index.php?rest_route=\/wp\/v2\/users\/2"}],"replies":[{"embeddable":true,"href":"https:\/\/zonaroja.com.mx\/index.php?rest_route=%2Fwp%2Fv2%2Fcomments&post=14322"}],"version-history":[{"count":1,"href":"https:\/\/zonaroja.com.mx\/index.php?rest_route=\/wp\/v2\/posts\/14322\/revisions"}],"predecessor-version":[{"id":14324,"href":"https:\/\/zonaroja.com.mx\/index.php?rest_route=\/wp\/v2\/posts\/14322\/revisions\/14324"}],"wp:featuredmedia":[{"embeddable":true,"href":"https:\/\/zonaroja.com.mx\/index.php?rest_route=\/wp\/v2\/media\/14323"}],"wp:attachment":[{"href":"https:\/\/zonaroja.com.mx\/index.php?rest_route=%2Fwp%2Fv2%2Fmedia&parent=14322"}],"wp:term":[{"taxonomy":"category","embeddable":true,"href":"https:\/\/zonaroja.com.mx\/index.php?rest_route=%2Fwp%2Fv2%2Fcategories&post=14322"},{"taxonomy":"post_tag","embeddable":true,"href":"https:\/\/zonaroja.com.mx\/index.php?rest_route=%2Fwp%2Fv2%2Ftags&post=14322"}],"curies":[{"name":"wp","href":"https:\/\/api.w.org\/{rel}","templated":true}]}}