{"id":14325,"date":"2020-06-27T11:22:10","date_gmt":"2020-06-27T16:22:10","guid":{"rendered":"http:\/\/www.zonaroja.com.mx\/?p=14325"},"modified":"2020-06-27T11:22:15","modified_gmt":"2020-06-27T16:22:15","slug":"san-mateo-del-mar-entre-violencia-e-impunidad-cuatro-ataques-armados-en-2020","status":"publish","type":"post","link":"https:\/\/zonaroja.com.mx\/?p=14325","title":{"rendered":"San Mateo del Mar, entre violencia e impunidad; cuatro ataques armados en 2020"},"content":{"rendered":"\n<p>Evlin\nArag\u00f3n\/Zona Roja.<\/p>\n\n\n\n<p>Oaxaca\nde Ju\u00e1rez, Oax., 27 de junio de 2020.- La violencia en el municipio de San\nMateo del Mar ha sido una constante.<\/p>\n\n\n\n<p>Durante\neste 2020 se han registrado por lo menos cuatro ataques armado en contra de la\nmisma poblaci\u00f3n, dos de ellos el pasado fin de semana, con saldo de 15 personas\nmasacradas.<\/p>\n\n\n\n<p>Los\nhechos m\u00e1s recientes se registraron la noche del 21 y madrugada del 22 de\njunio, cuando pobladores que se encontraban en la explanada de la agencia de\nHuazantl\u00e1n del R\u00edo fueron baleadas y golpeadas por sujetos con armas de fuego,\npalos y machetes, quienes adem\u00e1s, retuvieron a algunos individuos.<\/p>\n\n\n\n<p>Horas\nantes, al mediod\u00eda del domingo, se registr\u00f3 un primer ataque armado en el\nfiltro sanitario ubicado a la entrada de la agencia de Reforma; seg\u00fan una de\nlas partes fueron cuatro personas lesionadas de bala, entre ellas dos mujeres.<\/p>\n\n\n\n<p>Lo\nanterior, a pesar de los operativos de vigilancia en la zona que implementan\nlas autoridades de los tres \u00f3rdenes de gobierno en la regi\u00f3n del Istmo de\nTehuantepec, a fin de garantizar el bienestar y seguridad de la ciudadan\u00eda.<\/p>\n\n\n\n<p>Las\nrecientes agresiones se unen a las registradas en el mes de mayo y que dejaron\ncomo saldo personas lesionadas, torturadas, privada de su libertad e incluso un\nhabitante del pueblo Ikoots asesinado.<\/p>\n\n\n\n<p>Fue\nel 22 de mayo que pobladores de San Mateo del Mar denunciaron nuevos ataques\narmados en instalaciones de la agencia de Huazantl\u00e1n del R\u00edo y en la entrada\ndel municipio, por parte de autoridades del ayuntamiento.<\/p>\n\n\n\n<p>De\nlos hechos se\u00f1alaron a directamente a Bernardino Ponce Hinojosa y su asesor,\nconstructor y consejero, Jorge Leoncio Arroyo Rodr\u00edguez, quienes agredieron con\narmas de uso exclusivo del Ej\u00e9rcito al pueblo huave de las agencias de\nHuazantl\u00e1n del R\u00edo, Colonia Ju\u00e1rez y Costa Rica.<\/p>\n\n\n\n<p>Previamente\nel 3 de mayo varios hombres armados quemaron veh\u00edculos, incendiaron la agencia\nmunicipal, y agredieron a la poblaci\u00f3n; mujeres y ni\u00f1as desplazadas de la\nagencia hicieron presencia en la Defensor\u00eda de los Derechos Humanos del Pueblo\nde Oaxaca (DDHPO) para denunciar la violencia de g\u00e9nero de la que fueron\nv\u00edctimas este fin de semana en la localidad que desde hace a\u00f1os se enfrenta a\nuna serie de eventos violentos.<\/p>\n\n\n\n<p>De\nacuerdo con las denunciantes fue el agente municipal Jos\u00e9 Luis Ch\u00e1vez Salinas,\nquien inici\u00f3 la revuelta violenta, prendi\u00f3 fuego a algunas viviendas -incluida\nla de \u00e9l-, las amenaz\u00f3 de muerte y las encerr\u00f3 en la c\u00e1rcel sin motivo alguno,\naprovech\u00e1ndose de que la mayor\u00eda son mujeres solteras y viudas en la localidad.<\/p>\n\n\n\n<p>Por\nlo hechos suscitados este fin de semana, la autoridad municipal manifest\u00f3 su\nindignaci\u00f3n a trav\u00e9s de un comunicado de prensa, en el que asegur\u00f3 que las\npersonas atacadas a balazos s\u00f3lo cumpl\u00edan con su labor social en el m\u00f3dulo de\nsanitizaci\u00f3n del municipio para evitar la propagaci\u00f3n del virus que provoca la\npandemia que aqueja al mundo.<\/p>\n\n\n\n<p>As\u00ed\nmimo exigieron a la Secretar\u00eda General de Gobierno, a la Fiscal\u00eda y la\nautoridades estatales y federales, una pronta investigaci\u00f3n en contra de Pedro\nD\u00e1valos Larrinzar, Laura Fiallo Sandoval, Marcelino Ram\u00edrez Nolasco, Iv\u00e1n Mateo\nL\u00f3pez y quienes resulten responsables por los reiterados acto violentos y\ncaciquiles cometidos desde hace m\u00e1s de 9 a\u00f1os contra la poblaci\u00f3n y que pone en\nriesgo la vida de personas inocentes.<\/p>\n\n\n\n<p>Para\nla organizaci\u00f3n C\u00f3digo DH es innegable la existencia de continua violencia, que\nha generado preocupaci\u00f3n y terror permanente entre las personas que habitan el\nmunicipio y evidencia la ausencia de medidas que abordan de manera profunda y\nestructural las causas que ocasionaron l problema.<\/p>\n\n\n\n<p>Raz\u00f3n\npor la que urgieron al Gobierno Federal y a la Comisi\u00f3n Nacional de Derecho\nHumanos atender de fondo la situaci\u00f3n y exigieron al gobierno de Oaxaca que\ninste a las autoridades municipales a garantizar la seguridad y protecci\u00f3n de\nlos derechos humanos del pueblo Ikoots y el ejercicio del derecho a defender la\ntierra y el territorio.<\/p>\n","protected":false},"excerpt":{"rendered":"<p>Evlin Arag\u00f3n\/Zona Roja. Oaxaca de Ju\u00e1rez, Oax., 27 de junio de 2020.- La violencia en&hellip;<\/p>\n","protected":false},"author":2,"featured_media":14114,"comment_status":"closed","ping_status":"open","sticky":false,"template":"","format":"standard","meta":{"_lmt_disableupdate":"","_lmt_disable":"","_jetpack_memberships_contains_paid_content":false,"footnotes":""},"categories":[109,51],"tags":[605],"class_list":["post-14325","post","type-post","status-publish","format-standard","has-post-thumbnail","hentry","category-minuto-a-minuto","category-zona-roja","tag-san-mateo-del-mar"],"jetpack_featured_media_url":"https:\/\/zonaroja.com.mx\/wp-content\/uploads\/2020\/06\/Masacrados-San-Mateo-del-Mar-2.jpg","jetpack_sharing_enabled":true,"_links":{"self":[{"href":"https:\/\/zonaroja.com.mx\/index.php?rest_route=\/wp\/v2\/posts\/14325","targetHints":{"allow":["GET"]}}],"collection":[{"href":"https:\/\/zonaroja.com.mx\/index.php?rest_route=\/wp\/v2\/posts"}],"about":[{"href":"https:\/\/zonaroja.com.mx\/index.php?rest_route=\/wp\/v2\/types\/post"}],"author":[{"embeddable":true,"href":"https:\/\/zonaroja.com.mx\/index.php?rest_route=\/wp\/v2\/users\/2"}],"replies":[{"embeddable":true,"href":"https:\/\/zonaroja.com.mx\/index.php?rest_route=%2Fwp%2Fv2%2Fcomments&post=14325"}],"version-history":[{"count":1,"href":"https:\/\/zonaroja.com.mx\/index.php?rest_route=\/wp\/v2\/posts\/14325\/revisions"}],"predecessor-version":[{"id":14326,"href":"https:\/\/zonaroja.com.mx\/index.php?rest_route=\/wp\/v2\/posts\/14325\/revisions\/14326"}],"wp:featuredmedia":[{"embeddable":true,"href":"https:\/\/zonaroja.com.mx\/index.php?rest_route=\/wp\/v2\/media\/14114"}],"wp:attachment":[{"href":"https:\/\/zonaroja.com.mx\/index.php?rest_route=%2Fwp%2Fv2%2Fmedia&parent=14325"}],"wp:term":[{"taxonomy":"category","embeddable":true,"href":"https:\/\/zonaroja.com.mx\/index.php?rest_route=%2Fwp%2Fv2%2Fcategories&post=14325"},{"taxonomy":"post_tag","embeddable":true,"href":"https:\/\/zonaroja.com.mx\/index.php?rest_route=%2Fwp%2Fv2%2Ftags&post=14325"}],"curies":[{"name":"wp","href":"https:\/\/api.w.org\/{rel}","templated":true}]}}