{"id":14327,"date":"2020-06-27T11:59:44","date_gmt":"2020-06-27T16:59:44","guid":{"rendered":"http:\/\/www.zonaroja.com.mx\/?p=14327"},"modified":"2020-06-27T11:59:48","modified_gmt":"2020-06-27T16:59:48","slug":"piden-que-mano-de-obra-y-empresas-oaxaquenas-participen-en-corredor-transistmico","status":"publish","type":"post","link":"https:\/\/zonaroja.com.mx\/?p=14327","title":{"rendered":"Piden que mano de obra y empresas oaxaque\u00f1as participen en Corredor Trans\u00edstmico"},"content":{"rendered":"\n<p>Redacci\u00f3n\/Zona\nRoja.<\/p>\n\n\n\n<p>Oaxaca\nde Ju\u00e1rez, Oax., 27 de junio de 2020.- Diputados de la 64 Legislatura de Oaxaca\ndemandaron priorizar la contrataci\u00f3n de mano de obra y empresas oaxaque\u00f1as, en\nel proyecto del Corredor Trans\u00edstmico, en la regi\u00f3n del Istmo de Tehuantepec.<\/p>\n\n\n\n<p>Tambi\u00e9n,\nsubrayaron la importancia de que estos trabajos mantenga un equilibro de\nprotecci\u00f3n al medio ambiente, as\u00ed como de respeto a los derechos y costumbres\nancestrales de las comunidades ind\u00edgenas de la regi\u00f3n.<\/p>\n\n\n\n<p>En\nsesi\u00f3n ordinaria virtual de la Comisi\u00f3n permanente del Corredor Interoce\u00e1nico y\nProgramas de Desarrollo Regional del Congreso Local, la legisladora, Leticia\nSocorro Collado Soto, refrend\u00f3 el compromiso del Poder Legislativo para\ncoordinar esfuerzos a favor del proyecto,<\/p>\n\n\n\n<p>\u201cEs\nurgente avanzar en el desarrollo integral de la regi\u00f3n con la participaci\u00f3n\nplenamente informada de las comunidades y habitantes de esa zona de la\nentidad\u201d, dijo.<\/p>\n\n\n\n<p>En\nla sesi\u00f3n particip\u00f3 el director general del proyecto, Rafael Mar\u00edn Mollinedo, quien\ndestac\u00f3 que los trabajos se efect\u00faan con una comunicaci\u00f3n permanente con los\ndiferentes actores pol\u00edticos, sociales y econ\u00f3micos de la zona. De esta forma,\nla poblaci\u00f3n conocer\u00e1 los detalles del programa, y se evitar\u00e1 la\ndesinformaci\u00f3n.<\/p>\n\n\n\n<p>La\nrepresentante popular, Yarith Tannos Cruz, y el congresista, Oth\u00f3n Cuevas\nC\u00f3rdova, integrantes de la Comisi\u00f3n, puntualizaron la importancia de que la\nmano de obra y empresas oaxaque\u00f1as participen, de manera prioritaria, en el\nproyecto trans\u00edstmico.<\/p>\n\n\n\n<p>De\nsu lado la diputada, Arcelia L\u00f3pez Hern\u00e1ndez, apunt\u00f3 que la Legislatura oaxaque\u00f1a\nrespaldar\u00e1, con acciones normativas, los avances del proyecto, siempre en apego\na la protecci\u00f3n de los derechos de los pueblos y las comunidades ind\u00edgenas.<\/p>\n\n\n\n<p>Fabrizio\nEmir D\u00edaz Alc\u00e1zar evidenci\u00f3 la necesidad de atacar rezagos de fondo para evitar\nconflictos que afecten el tr\u00e1nsito de mercanc\u00edas y la detonaci\u00f3n econ\u00f3mica en\nla zona. De igual forma, pidi\u00f3 una difusi\u00f3n mucho mayor del alcance social de\nlas obras que conforman el proyecto.<\/p>\n\n\n\n<p>En\nrespuesta, Mar\u00edn Mollinedo, resalt\u00f3 que uno de los principios de la obra es que\nlas comunidades se involucren en los trabajos. Sobre todo, porque el conjunto\nde la infraestructura a construir incluye componentes para beneficios sociales\npermanentes para elevar la calidad de vida en la regi\u00f3n.<\/p>\n\n\n\n<p>El\nproyecto contempla un presupuesto de tres mil 300 millones de pesos con el que\nse renovar\u00e1 un tramo de 220 kil\u00f3metros de v\u00edas f\u00e9rreas entre Oaxaca y Veracruz.\nParalelamente a la obra, se instalar\u00e1 fibra \u00f3ptica para dotar a la regi\u00f3n de\nconectividad a internet, tanto para las poblaciones como para las empresas de\ncarga y transporte.<\/p>\n\n\n\n<p>El\ndirector general del proyecto, confi\u00f3 a los congresistas locales la terminaci\u00f3n\ny funcionamiento de la v\u00eda f\u00e9rrea en el primer semestre de 2021.<\/p>\n\n\n\n<p>Lo\nmismo que la construcci\u00f3n de una terminal de contenedores en Salina Cruz, con\nuna extensi\u00f3n de 45 hect\u00e1reas, y una terminal para productos petrol\u00edferos\ncompartido con Pemex, cuya terminaci\u00f3n se estima en dos a\u00f1os medio, y que podr\u00e1\nrecibir buques con capacidad para dos millones de barriles.<\/p>\n\n\n\n<p>En\nese contexto, la presidenta de la Comisi\u00f3n Permanente del Corredor\nInteroce\u00e1nico y Programas de Desarrollo Regional, Leticia Socorro Collado Soto,\ndestac\u00f3 la visi\u00f3n integral del proyecto del Gobierno Federal.<\/p>\n\n\n\n<p>Para\nfinalizar, recalc\u00f3 la voluntad legislativa para mantener un esfuerzo conjunto y\nalcanzar el avance de los trabajos de infraestructura que sean de beneficios\npermanentes y a favor de la poblci\u00f3n de la zona.<\/p>\n\n\n\n<p>Algunos\nacuerdos alcanzados, fueron fortalecer la vinculaci\u00f3n interinstitucional entre\nel Congreso de Oaxaca y la Direcci\u00f3n del Corredor Interoce\u00e1nico, la celebraci\u00f3n\nde reuniones peri\u00f3dicas de seguimiento y valoraci\u00f3n de los trabajos, adem\u00e1s de\nestablecer una agenda de atenci\u00f3n inmediata de los asuntos prioritarios y\npermitir la participaci\u00f3n activa de la Comisi\u00f3n Permanente en los diferentes\ntemas relativos a la atenci\u00f3n territorial de cada acci\u00f3n del programa de\ntrabajo.<\/p>\n","protected":false},"excerpt":{"rendered":"<p>Redacci\u00f3n\/Zona Roja. Oaxaca de Ju\u00e1rez, Oax., 27 de junio de 2020.- Diputados de la 64&hellip;<\/p>\n","protected":false},"author":2,"featured_media":14328,"comment_status":"closed","ping_status":"open","sticky":false,"template":"","format":"standard","meta":{"_lmt_disableupdate":"","_lmt_disable":"","_jetpack_memberships_contains_paid_content":false,"footnotes":""},"categories":[109,47],"tags":[213],"class_list":["post-14327","post","type-post","status-publish","format-standard","has-post-thumbnail","hentry","category-minuto-a-minuto","category-zona-gris","tag-64-legislatura-de-oaxaca"],"jetpack_featured_media_url":"https:\/\/zonaroja.com.mx\/wp-content\/uploads\/2020\/06\/FOTO-1.1-Demandan-Congresistas-que-mano-de-obra-y-empresas-oaxaque\u00f1as-participen-en-Corredor-Trans\u00edstmico.jpg","jetpack_sharing_enabled":true,"_links":{"self":[{"href":"https:\/\/zonaroja.com.mx\/index.php?rest_route=\/wp\/v2\/posts\/14327","targetHints":{"allow":["GET"]}}],"collection":[{"href":"https:\/\/zonaroja.com.mx\/index.php?rest_route=\/wp\/v2\/posts"}],"about":[{"href":"https:\/\/zonaroja.com.mx\/index.php?rest_route=\/wp\/v2\/types\/post"}],"author":[{"embeddable":true,"href":"https:\/\/zonaroja.com.mx\/index.php?rest_route=\/wp\/v2\/users\/2"}],"replies":[{"embeddable":true,"href":"https:\/\/zonaroja.com.mx\/index.php?rest_route=%2Fwp%2Fv2%2Fcomments&post=14327"}],"version-history":[{"count":1,"href":"https:\/\/zonaroja.com.mx\/index.php?rest_route=\/wp\/v2\/posts\/14327\/revisions"}],"predecessor-version":[{"id":14329,"href":"https:\/\/zonaroja.com.mx\/index.php?rest_route=\/wp\/v2\/posts\/14327\/revisions\/14329"}],"wp:featuredmedia":[{"embeddable":true,"href":"https:\/\/zonaroja.com.mx\/index.php?rest_route=\/wp\/v2\/media\/14328"}],"wp:attachment":[{"href":"https:\/\/zonaroja.com.mx\/index.php?rest_route=%2Fwp%2Fv2%2Fmedia&parent=14327"}],"wp:term":[{"taxonomy":"category","embeddable":true,"href":"https:\/\/zonaroja.com.mx\/index.php?rest_route=%2Fwp%2Fv2%2Fcategories&post=14327"},{"taxonomy":"post_tag","embeddable":true,"href":"https:\/\/zonaroja.com.mx\/index.php?rest_route=%2Fwp%2Fv2%2Ftags&post=14327"}],"curies":[{"name":"wp","href":"https:\/\/api.w.org\/{rel}","templated":true}]}}