{"id":14330,"date":"2020-06-27T13:15:17","date_gmt":"2020-06-27T18:15:17","guid":{"rendered":"http:\/\/www.zonaroja.com.mx\/?p=14330"},"modified":"2020-06-27T13:15:21","modified_gmt":"2020-06-27T18:15:21","slug":"sigue-impune-agresion-y-robo-de-aei-a-dirigente-de-organizacion","status":"publish","type":"post","link":"https:\/\/zonaroja.com.mx\/?p=14330","title":{"rendered":"Sigue impune agresi\u00f3n y robo de AEI a dirigente de organizaci\u00f3n"},"content":{"rendered":"\n<p>Yuridiana\nSosa\/Zona Roja.<\/p>\n\n\n\n<p>Oaxaca\nde Ju\u00e1rez, Oax., 27 de junio de 2020.- Privaci\u00f3n ilegal de la libertad, tortura\ny robo, son parte de los delitos que presuntamente cometieron elementos de la\nAgencia Estatal de Investigaci\u00f3n (AEI) contra el representante del Frente\nOaxaque\u00f1o Popular Estudiantil Campesino (FOPEC) el pasado 2 de junio.<\/p>\n\n\n\n<p>El\nagraviado, Esteban Rinc\u00f3n Revilla, denunci\u00f3 hoy p\u00fablicamente los hechos ante la\ntardanza en la investigaci\u00f3n del caso, pues se\u00f1ala que adem\u00e1s es v\u00edctima de\namenazas y hostigamiento por quienes forman parte de la Fiscal\u00eda General del\nEstado.<\/p>\n\n\n\n<p>Por\ntal motivo, demand\u00f3 a la Defensor\u00eda de los Derechos Humanos del Pueblo de\nOaxaca (DDHPO) medidas cautelares para \u00e9l y su pareja, quien fue despedida de\nsu empleo como servidora p\u00fablica en la Fiscal\u00eda para la Atenci\u00f3n de Delitos por\nViolencia de G\u00e9nero contra la Mujer.<\/p>\n\n\n\n<p>Los\ndelitos denunciados se encuentran integrados en la Carpeta de investigaci\u00f3n\n17707\/FEDH\/FCTO\/2020, de la secci\u00f3n Unidad Especial de Tortura y con el n\u00famero\nde carpeta&nbsp; de investigaci\u00f3n 389\n(FEMCCO)2020,&nbsp; en la Fiscal\u00eda\nAnticorrupci\u00f3n del Estado de Oaxaca.<\/p>\n\n\n\n<p>\u201cQu\u00e9\npretende el gobierno, hacer una desaparici\u00f3n como la de Ayotzinapa\u201d, expres\u00f3 el\ndirigente de los estudiantes, quien ha encabezado manifestaciones contra el\nalza del pasaje en la capital y este s\u00e1bado quien junto con sus seguidores se\napoder\u00f3 por unas horas de la caseta de peaje de Huitzo, en la supercarretera\nOaxaca-Cuacnopalan.<\/p>\n\n\n\n<p>LOS\nHECHOS<\/p>\n\n\n\n<p>Rinc\u00f3n\nRevilla detall\u00f3 que un grupo de hombres, presuntamente agentes estatales,\nvestidos de civil lo privaron de su libertad y torturaron para tratar de\nculparlo en delito que no cometi\u00f3.<\/p>\n\n\n\n<p>En\nentrevista narr\u00f3 que el pasado 2 de junio los agentes, quienes se hicieron\npasar por como integrantes de una organizaci\u00f3n delictiva, lo trasladaron a las\ninstalaciones de la AEI en el municipio de San Antonio de la Cal, donde lo\ngolpearon, colocaron bolsas de pl\u00e1stico en la cabeza durante varias horas para\nimplicarlo en un secuestro.<\/p>\n\n\n\n<p>El\njoven indic\u00f3 que le mostraron fotograf\u00edas de personas que desconoce, as\u00ed como\nde un bar; tras su constante negativa de responsabilidad ante los agentes, lo\ndejaron en libertad, pero lo amenazaron de no cambiar de domicilio o denunciar\nlos hechos o la pr\u00f3xima visita ser\u00eda con mayor uso de la violencia.<\/p>\n\n\n\n<p>Agreg\u00f3\nque tras los hechos lo mantienen vigilado, pero, adem\u00e1s, durante su detenci\u00f3n\natribuye que integrantes del mismo grupo de hombres entr\u00f3 a su domicilio a\nrobar cerca de 200 mil pesos en efectivo, documentos y pertenencias personales\ncon un valor total por los 300 mil pesos.&nbsp;\n<\/p>\n\n\n\n<p>Por\ntodos los hechos, demand\u00f3 una audiencia con autoridades federales de Seguridad\nP\u00fablica, as\u00ed como con la Fiscal\u00eda General de Oaxaca y de la Rep\u00fablica, para que\nse realice una investigaci\u00f3n apropiada y castigo a los responsables, pues teme\npor su integridad.<\/p>\n","protected":false},"excerpt":{"rendered":"<p>Yuridiana Sosa\/Zona Roja. Oaxaca de Ju\u00e1rez, Oax., 27 de junio de 2020.- Privaci\u00f3n ilegal de&hellip;<\/p>\n","protected":false},"author":2,"featured_media":14331,"comment_status":"closed","ping_status":"open","sticky":false,"template":"","format":"standard","meta":{"_lmt_disableupdate":"","_lmt_disable":"","_jetpack_memberships_contains_paid_content":false,"footnotes":""},"categories":[47],"tags":[1795],"class_list":["post-14330","post","type-post","status-publish","format-standard","has-post-thumbnail","hentry","category-zona-gris","tag-esteban-rincon-revilla"],"jetpack_featured_media_url":"https:\/\/zonaroja.com.mx\/wp-content\/uploads\/2020\/06\/FOPEC-Estebam-Rinc\u00f3n.jpg","jetpack_sharing_enabled":true,"_links":{"self":[{"href":"https:\/\/zonaroja.com.mx\/index.php?rest_route=\/wp\/v2\/posts\/14330","targetHints":{"allow":["GET"]}}],"collection":[{"href":"https:\/\/zonaroja.com.mx\/index.php?rest_route=\/wp\/v2\/posts"}],"about":[{"href":"https:\/\/zonaroja.com.mx\/index.php?rest_route=\/wp\/v2\/types\/post"}],"author":[{"embeddable":true,"href":"https:\/\/zonaroja.com.mx\/index.php?rest_route=\/wp\/v2\/users\/2"}],"replies":[{"embeddable":true,"href":"https:\/\/zonaroja.com.mx\/index.php?rest_route=%2Fwp%2Fv2%2Fcomments&post=14330"}],"version-history":[{"count":1,"href":"https:\/\/zonaroja.com.mx\/index.php?rest_route=\/wp\/v2\/posts\/14330\/revisions"}],"predecessor-version":[{"id":14332,"href":"https:\/\/zonaroja.com.mx\/index.php?rest_route=\/wp\/v2\/posts\/14330\/revisions\/14332"}],"wp:featuredmedia":[{"embeddable":true,"href":"https:\/\/zonaroja.com.mx\/index.php?rest_route=\/wp\/v2\/media\/14331"}],"wp:attachment":[{"href":"https:\/\/zonaroja.com.mx\/index.php?rest_route=%2Fwp%2Fv2%2Fmedia&parent=14330"}],"wp:term":[{"taxonomy":"category","embeddable":true,"href":"https:\/\/zonaroja.com.mx\/index.php?rest_route=%2Fwp%2Fv2%2Fcategories&post=14330"},{"taxonomy":"post_tag","embeddable":true,"href":"https:\/\/zonaroja.com.mx\/index.php?rest_route=%2Fwp%2Fv2%2Ftags&post=14330"}],"curies":[{"name":"wp","href":"https:\/\/api.w.org\/{rel}","templated":true}]}}