{"id":14336,"date":"2020-06-27T15:41:39","date_gmt":"2020-06-27T20:41:39","guid":{"rendered":"http:\/\/www.zonaroja.com.mx\/?p=14336"},"modified":"2020-06-27T15:41:42","modified_gmt":"2020-06-27T20:41:42","slug":"hoy-es-el-dia-para-que-nos-ayuden-suplican-en-san-antonio-ozolotepec","status":"publish","type":"post","link":"https:\/\/zonaroja.com.mx\/?p=14336","title":{"rendered":"\u201cHoy es el d\u00eda para que nos ayuden\u201d, suplican en San Antonio Ozolotepec"},"content":{"rendered":"\n<p>Yuridiana\nSosa\/Zona Roja.<\/p>\n\n\n\n<p>Oaxaca\nde Ju\u00e1rez, Oax., 26 de junio de 2020.- El olvido institucional en decenas de\ncomunidades de la regi\u00f3n Sierra Sur de Oaxaca, se mantiene a cinco d\u00edas del\nsismo de magnitud 7.4<\/p>\n\n\n\n<p>Decenas\nde familia de San Antonio Ozolotepec viven entre escombros; pasan las noches a\nla intemperie tras el terremoto del pasado 23 de junio. Sus casas se\ndestruyeron, s\u00f3lo quedaron bardas cuarteadas y la ayuda no llega.<\/p>\n\n\n\n<p>La\nneblina, el fr\u00edo, rodea sus habitaciones improvisadas en los patios de sus\ndomicilios, en donde el alimento ya escase\u00f3.<\/p>\n\n\n\n<p>Los\nni\u00f1os tienen hambre, las madres racionan lo que queda, los padres no paran en\nlas labores de descombro, a\u00f1orando que por esas carreteras ingrese la ayuda de\nlas autoridades.<\/p>\n\n\n\n<p>A\nMauro Jim\u00e9nez, afectado, le qued\u00f3 claro que los pol\u00edticos, o autoridades, solo\nllegan o los toman en cuenta para tener sus votos, pero cuando ellos como\npueblo los necesitan no est\u00e1n.<\/p>\n\n\n\n<p>\u201cHoy\nes el d\u00eda para que nos ayuden, ya les ayudamos con los votos, ahora nosotros\nqueremos ayuda\u201d, indic\u00f3 el damnificado con el sismo.<\/p>\n\n\n\n<p>Pero como \u00e9l, otros habitantes afectados demandan al gobierno estatal y federal despensa, cobijas, ropa, l\u00e1minas. \u201c\u00bfQu\u00e9 les cuesta?\u201d, expresa el habitante ind\u00edgena de la zona impactada por el sismo.<\/p>\n\n\n\n<figure class=\"wp-block-embed-twitter wp-block-embed is-type-rich is-provider-twitter\"><div class=\"wp-block-embed__wrapper\">\n<div class=\"twitter-tweet\"><blockquote class=\"twitter-tweet\" data-lang=\"es\"><p lang=\"es\" dir=\"ltr\"><a href=\"https:\/\/twitter.com\/hashtag\/SismoOaxaca?src=hash&amp;ref_src=twsrc%5Etfw\">#SismoOaxaca<\/a><br>A cinco d\u00edas del sismo de magnitud 7.4, varias localidades de la Sierra Sur de <a href=\"https:\/\/twitter.com\/hashtag\/Oaxaca?src=hash&amp;ref_src=twsrc%5Etfw\">#Oaxaca<\/a> siguen incomunicadas y sin la ayuda gubernamental; as\u00ed claman en San Antonio <a href=\"https:\/\/twitter.com\/hashtag\/Ozolotepec?src=hash&amp;ref_src=twsrc%5Etfw\">#Ozolotepec<\/a> por apoyos.<br>Video: Especial <a href=\"https:\/\/t.co\/zER6LczBTM\">pic.twitter.com\/zER6LczBTM<\/a><\/p>&mdash; Zona Roja Oaxaca (@MexRoja) <a href=\"https:\/\/twitter.com\/MexRoja\/status\/1276961224035450880?ref_src=twsrc%5Etfw\">27 de junio de 2020<\/a><\/blockquote><\/div>\n<\/div><\/figure>\n\n\n\n<p>Este\n25 de junio el gobernador Alejandro Murat llev\u00f3 ayuda a San Juan Ozolotepec,\npero para San Antonio, no lleg\u00f3; son m\u00e1s de tres d\u00edas del sismo y su situaci\u00f3n\nsigue invisible a los ojos de las autoridades.<\/p>\n\n\n\n<p>En\nlas calles de la comunidad se pasea la desesperaci\u00f3n por levantar sus casas,\npero no cuentan con las posibilidades para ofrecer a sus familias un espacio\nseguro.<\/p>\n\n\n\n<p>Las\nparedes est\u00e1n sensibles y viven con la zozobra de otro sismo que termine con lo\npoco que tienen, que en lo mejor de los casos es un refugio de cuatro postes de\nmadera y una a\u00f1eja l\u00e1mina.<\/p>\n\n\n\n<p>\u201cPues\nnecesitamos l\u00e1minas y comida para los ni\u00f1os\u201d, sostuvo Jer\u00f3nimo quien tambi\u00e9n se\nqued\u00f3 sin casa.<\/p>\n\n\n\n<p>Hay\npor lo menos una decena de localidades a\u00fan incomunicadas; no obstante, el\ntitular del Poder Ejecutivo ha difundido que hay apoyo gubernamental a todos\nlos damnificados por el sismo.<\/p>\n","protected":false},"excerpt":{"rendered":"<p>Yuridiana Sosa\/Zona Roja. Oaxaca de Ju\u00e1rez, Oax., 26 de junio de 2020.- El olvido institucional&hellip;<\/p>\n","protected":false},"author":2,"featured_media":14337,"comment_status":"closed","ping_status":"open","sticky":false,"template":"","format":"standard","meta":{"_lmt_disableupdate":"","_lmt_disable":"","_jetpack_memberships_contains_paid_content":false,"footnotes":""},"categories":[109,47],"tags":[1797,1782],"class_list":["post-14336","post","type-post","status-publish","format-standard","has-post-thumbnail","hentry","category-minuto-a-minuto","category-zona-gris","tag-san-antonio-ozolotepec","tag-sismo-oaxaca"],"jetpack_featured_media_url":"https:\/\/zonaroja.com.mx\/wp-content\/uploads\/2020\/06\/Sismo-San-Antonio-Ozolotepec.jpg","jetpack_sharing_enabled":true,"_links":{"self":[{"href":"https:\/\/zonaroja.com.mx\/index.php?rest_route=\/wp\/v2\/posts\/14336","targetHints":{"allow":["GET"]}}],"collection":[{"href":"https:\/\/zonaroja.com.mx\/index.php?rest_route=\/wp\/v2\/posts"}],"about":[{"href":"https:\/\/zonaroja.com.mx\/index.php?rest_route=\/wp\/v2\/types\/post"}],"author":[{"embeddable":true,"href":"https:\/\/zonaroja.com.mx\/index.php?rest_route=\/wp\/v2\/users\/2"}],"replies":[{"embeddable":true,"href":"https:\/\/zonaroja.com.mx\/index.php?rest_route=%2Fwp%2Fv2%2Fcomments&post=14336"}],"version-history":[{"count":1,"href":"https:\/\/zonaroja.com.mx\/index.php?rest_route=\/wp\/v2\/posts\/14336\/revisions"}],"predecessor-version":[{"id":14338,"href":"https:\/\/zonaroja.com.mx\/index.php?rest_route=\/wp\/v2\/posts\/14336\/revisions\/14338"}],"wp:featuredmedia":[{"embeddable":true,"href":"https:\/\/zonaroja.com.mx\/index.php?rest_route=\/wp\/v2\/media\/14337"}],"wp:attachment":[{"href":"https:\/\/zonaroja.com.mx\/index.php?rest_route=%2Fwp%2Fv2%2Fmedia&parent=14336"}],"wp:term":[{"taxonomy":"category","embeddable":true,"href":"https:\/\/zonaroja.com.mx\/index.php?rest_route=%2Fwp%2Fv2%2Fcategories&post=14336"},{"taxonomy":"post_tag","embeddable":true,"href":"https:\/\/zonaroja.com.mx\/index.php?rest_route=%2Fwp%2Fv2%2Ftags&post=14336"}],"curies":[{"name":"wp","href":"https:\/\/api.w.org\/{rel}","templated":true}]}}