{"id":14342,"date":"2020-06-27T19:56:59","date_gmt":"2020-06-28T00:56:59","guid":{"rendered":"http:\/\/www.zonaroja.com.mx\/?p=14342"},"modified":"2020-06-27T19:57:04","modified_gmt":"2020-06-28T00:57:04","slug":"crean-comision-presidencial-para-reconocer-al-centro-musical-mixe","status":"publish","type":"post","link":"https:\/\/zonaroja.com.mx\/?p=14342","title":{"rendered":"Crean Comisi\u00f3n Presidencial para reconocer al Centro Musical Mixe"},"content":{"rendered":"\n<p>Yuridiana\nSosa\/Zona Roja.<\/p>\n\n\n\n<p>Oaxaca\nde Ju\u00e1rez, Oax., 27 de junio de 2020.- A 43 a\u00f1os de su creaci\u00f3n, el Centro de\nCapacitaci\u00f3n Musical y Desarrollo Cultural Mixe (Cecam) podr\u00e1 recibir recursos\np\u00fablicos para su funcionamiento, a trav\u00e9s de la Comisi\u00f3n Presidencial creada\npara impulsar la escuela ind\u00edgena con formaci\u00f3n musical.<\/p>\n\n\n\n<p>El\ntitular del Instituto Nacional de los Pueblos Ind\u00edgenas, Adelfo Regino Montes,\ndestac\u00f3 este reconocimiento legal para el pueblo Ayuuk de Oaxaca, tras la\npublicaci\u00f3n del Decreto este 26 de junio en el Diario Oficial de la Federaci\u00f3n.<\/p>\n\n\n\n<p>\u201cHoy\nes una realidad la Comisi\u00f3n Presidencial para dar reconocimiento al Centro de Capacitaci\u00f3n\nMusical y Desarrollo Cultural Mixe (CECAM), a 43 a\u00f1os de su vida. As\u00ed, el\npresidente cumple con su compromiso con el pueblo Ayuuk\u201d, cit\u00f3 en su cuenta de\nTwitter este s\u00e1bado.<\/p>\n\n\n\n<p>En\nfebrero de este a\u00f1o, el oaxaque\u00f1o Regino Montes y el presidente Andr\u00e9s Manuel\nL\u00f3pez Obrador anunciaron la firma de un decreto presidencial para formalizar el\nreconocimiento jur\u00eddico del Cecam.<\/p>\n\n\n\n<p>La\nComisi\u00f3n Presidencial tiene el objetivo de definir e implementar alternativas y\nadministrativas que permitan apoyar con recursos p\u00fablicos a escuelas ind\u00edgenas\nque tienen por objetivo desarrollar una educaci\u00f3n&nbsp; y formaci\u00f3n musical.<\/p>\n\n\n\n<p>Esta\nComisi\u00f3n, que depender\u00e1 directamente del Presidente de la Rep\u00fablica, tiene efectos\na partir de esta fecha y hasta el pr\u00f3ximo 30 de septiembre de 2024.<\/p>\n\n\n\n<p>En\nel art\u00edculo tercero, el documento indica que, la Comisi\u00f3n podr\u00e1 invitar a\nsesiones a un representante de la autoridad municipal de Santa Mar\u00eda\nTlahuitoltepec Mixe, y a un representante de la Asamblea Comunitaria del Centro\nde Capacitaci\u00f3n Musical y Desarrollo de la Cultura Mixe (Cecam).<\/p>\n\n\n\n<p>La\nComisi\u00f3n Presidencial est\u00e1 integrada por los titulares de las secretar\u00edas de Culturas,\nde Hacienda y Cr\u00e9dito P\u00fablico, Bienestar, de la Funci\u00f3n P\u00fablica, de Educaci\u00f3n\nP\u00fablica y por el Instituto Nacional de los Pueblos Ind\u00edgenas.<\/p>\n\n\n\n<p>Durante\nm\u00e1s de 40 a\u00f1os, el CECAM sufri\u00f3 del aislamiento gubernamental, tanto estatal\ncomo federal en el impulso de sus planes de estudios, los cuales era apoyados\nde forma eventual por las autoridades a pesar de la destacada labor de la banda\nfilarm\u00f3nica de los pueblos originarios.<\/p>\n","protected":false},"excerpt":{"rendered":"<p>Yuridiana Sosa\/Zona Roja. Oaxaca de Ju\u00e1rez, Oax., 27 de junio de 2020.- A 43 a\u00f1os&hellip;<\/p>\n","protected":false},"author":2,"featured_media":14343,"comment_status":"closed","ping_status":"open","sticky":false,"template":"","format":"standard","meta":{"_lmt_disableupdate":"","_lmt_disable":"","_jetpack_memberships_contains_paid_content":false,"footnotes":""},"categories":[109,46],"tags":[1798],"class_list":["post-14342","post","type-post","status-publish","format-standard","has-post-thumbnail","hentry","category-minuto-a-minuto","category-zona-blanca","tag-centro-de-capacitacion-musical-y-desarrollo-cultural-mixe-cecam"],"jetpack_featured_media_url":"https:\/\/zonaroja.com.mx\/wp-content\/uploads\/2020\/06\/Cecam.jpg","jetpack_sharing_enabled":true,"_links":{"self":[{"href":"https:\/\/zonaroja.com.mx\/index.php?rest_route=\/wp\/v2\/posts\/14342","targetHints":{"allow":["GET"]}}],"collection":[{"href":"https:\/\/zonaroja.com.mx\/index.php?rest_route=\/wp\/v2\/posts"}],"about":[{"href":"https:\/\/zonaroja.com.mx\/index.php?rest_route=\/wp\/v2\/types\/post"}],"author":[{"embeddable":true,"href":"https:\/\/zonaroja.com.mx\/index.php?rest_route=\/wp\/v2\/users\/2"}],"replies":[{"embeddable":true,"href":"https:\/\/zonaroja.com.mx\/index.php?rest_route=%2Fwp%2Fv2%2Fcomments&post=14342"}],"version-history":[{"count":1,"href":"https:\/\/zonaroja.com.mx\/index.php?rest_route=\/wp\/v2\/posts\/14342\/revisions"}],"predecessor-version":[{"id":14344,"href":"https:\/\/zonaroja.com.mx\/index.php?rest_route=\/wp\/v2\/posts\/14342\/revisions\/14344"}],"wp:featuredmedia":[{"embeddable":true,"href":"https:\/\/zonaroja.com.mx\/index.php?rest_route=\/wp\/v2\/media\/14343"}],"wp:attachment":[{"href":"https:\/\/zonaroja.com.mx\/index.php?rest_route=%2Fwp%2Fv2%2Fmedia&parent=14342"}],"wp:term":[{"taxonomy":"category","embeddable":true,"href":"https:\/\/zonaroja.com.mx\/index.php?rest_route=%2Fwp%2Fv2%2Fcategories&post=14342"},{"taxonomy":"post_tag","embeddable":true,"href":"https:\/\/zonaroja.com.mx\/index.php?rest_route=%2Fwp%2Fv2%2Ftags&post=14342"}],"curies":[{"name":"wp","href":"https:\/\/api.w.org\/{rel}","templated":true}]}}