{"id":14345,"date":"2020-06-27T20:05:44","date_gmt":"2020-06-28T01:05:44","guid":{"rendered":"http:\/\/www.zonaroja.com.mx\/?p=14345"},"modified":"2020-06-27T20:05:48","modified_gmt":"2020-06-28T01:05:48","slug":"respaldan-colectivos-feministas-e-indigenas-a-zenaida-perez-para-conapred","status":"publish","type":"post","link":"https:\/\/zonaroja.com.mx\/?p=14345","title":{"rendered":"Respaldan colectivos feministas e ind\u00edgenas a Zenaida P\u00e9rez para Conapred"},"content":{"rendered":"\n<p>Evlin\nArag\u00f3n\/Zona Roja.<\/p>\n\n\n\n<p>Oaxaca\nde Ju\u00e1rez, Oax., 27 de junio de 2020.- Feministas y activistas por los derechos\nde las mujeres y las comunidades ind\u00edgenas iniciaron una campa\u00f1a para\nmanifestar su respaldo a Zenaida P\u00e9rez Guti\u00e9rrez para presidir el Conejo\nNacional para Prevenir la Discriminaci\u00f3n (Conapred).<\/p>\n\n\n\n<p>Lo\nanterior luego de la renuncia de M\u00f3nica Maccise, entre la pol\u00e9mica por la\nrealizaci\u00f3n de un foro en que incluye como participante a un youtuber que\npreviamente hab\u00eda criticado a la familia presidencial y de que Andr\u00e9s Manuel\nL\u00f3pez Obrador propusiera designar una mujer ind\u00edgena en su lugar.<\/p>\n\n\n\n<p>\u201cRespaldamos\nla candidatura Zenaida P\u00e9rez para dirigir Conapred. Es una mujer Ayuujk y\ndefensora de derecho humanos, cuenta con una amplia trayectoria trabajando con\nmujeres ind\u00edgenas a lo largo del pa\u00eds y un alto compromiso por construir\nsociedades libres de discriminaci\u00f3n\u201d, refiere la organizaci\u00f3n Consorcio Oaxaca.<\/p>\n\n\n\n<p>Mientras\nque el Grupo de Estudios sobre la Mujer \u00abRosario Castellanos\u00bb\n(GesMujer) ha reconocido la trayectoria de la joven que en todo momento ha\npugnado por los derechos de las mujeres y las comunidades ind\u00edgenas. <\/p>\n\n\n\n<p>\u00abLa\nhistoria de Zenaida P\u00e9rez Guti\u00e9rrez est\u00e1 marcada por el esfuerzo, la migraci\u00f3n\ndesde peque\u00f1a y ver la vida acorde a la filosof\u00eda de los pueblos ind\u00edgenas que\nestablecen el valor de devolver a la comunidad los saberes, habilidades y\nconocimientos adquiridos\u00bb, manifiestan en sus rede.<\/p>\n\n\n\n<p>La\npostulaci\u00f3n de la oaxaque\u00f1a est\u00e1 respaldada por la Asamblea Nacional Pol\u00edtica\nde Mujeres Ind\u00edgenas que con la convicci\u00f3n de luchar por los espacios de tomas\nde decisiones donde las mujeres ind\u00edgenas lleguen a incidir desde las\ninstituciones p\u00fablicas.<\/p>\n\n\n\n<p>\u201cMujeres\nde diversas etnias, manifestamos nuestro respaldo y proponemos a nuestra\ncompa\u00f1era Zenaida P\u00e9rez Guti\u00e9rrez para dirigir la Conapred. Somos conscientes\nde que dicha instituci\u00f3n es fundamental para no diluir una lucha en la que\nllevamos muchas generaciones y que al igual que toda la estructura estatal\nrequiere cambios profundos y constantes\u201d, refieren las integrantes de la\nAsamblea.<\/p>\n\n\n\n<p>Actualmente\ncon una petici\u00f3n en la plataforma Change.org, dirigida al presidente de la\nRep\u00fablica, Andr\u00e9s Manuel L\u00f3pez Obrador y la secretaria de Gobierno, Olga\nS\u00e1nchez Cordero, solicitan firmas de respaldo para la candidatura de la\noaxaque\u00f1a, de quien aseguran cuenta con la suficiente capacidad para encabezar\nuna instituci\u00f3n que promueva el respeto de los derechos de las personas.<\/p>\n\n\n\n<p>\u201cEn\nestos tiempos donde se descara el racismo y todas las formas de discriminaci\u00f3n,\nse hace necesaria la respuesta institucional\u201d, refiere la petici\u00f3n en la\nplataforma digital.<\/p>\n\n\n\n<p>Zenaida\nP\u00e9rez es una mujer Ayuujk, originaria de Santa Mar\u00eda Tlahuiltoltepec Mixe,\ncomunic\u00f3loga con posgrado en G\u00e9nero y Comunicaci\u00f3n. Activista por los derechos\nhumanos, colectivos de los pueblos y mujeres ind\u00edgenas en diversas redes\nregionales y nacionales como Asamblea Nacional Pol\u00edtica de Mujeres Ind\u00edgenas.<\/p>\n","protected":false},"excerpt":{"rendered":"<p>Evlin Arag\u00f3n\/Zona Roja. Oaxaca de Ju\u00e1rez, Oax., 27 de junio de 2020.- Feministas y activistas&hellip;<\/p>\n","protected":false},"author":2,"featured_media":14346,"comment_status":"closed","ping_status":"open","sticky":false,"template":"","format":"standard","meta":{"_lmt_disableupdate":"","_lmt_disable":"","_jetpack_memberships_contains_paid_content":false,"footnotes":""},"categories":[109,46],"tags":[],"class_list":["post-14345","post","type-post","status-publish","format-standard","has-post-thumbnail","hentry","category-minuto-a-minuto","category-zona-blanca"],"jetpack_featured_media_url":"https:\/\/zonaroja.com.mx\/wp-content\/uploads\/2020\/06\/Zenaida-P\u00e9rez.jpg","jetpack_sharing_enabled":true,"_links":{"self":[{"href":"https:\/\/zonaroja.com.mx\/index.php?rest_route=\/wp\/v2\/posts\/14345","targetHints":{"allow":["GET"]}}],"collection":[{"href":"https:\/\/zonaroja.com.mx\/index.php?rest_route=\/wp\/v2\/posts"}],"about":[{"href":"https:\/\/zonaroja.com.mx\/index.php?rest_route=\/wp\/v2\/types\/post"}],"author":[{"embeddable":true,"href":"https:\/\/zonaroja.com.mx\/index.php?rest_route=\/wp\/v2\/users\/2"}],"replies":[{"embeddable":true,"href":"https:\/\/zonaroja.com.mx\/index.php?rest_route=%2Fwp%2Fv2%2Fcomments&post=14345"}],"version-history":[{"count":1,"href":"https:\/\/zonaroja.com.mx\/index.php?rest_route=\/wp\/v2\/posts\/14345\/revisions"}],"predecessor-version":[{"id":14347,"href":"https:\/\/zonaroja.com.mx\/index.php?rest_route=\/wp\/v2\/posts\/14345\/revisions\/14347"}],"wp:featuredmedia":[{"embeddable":true,"href":"https:\/\/zonaroja.com.mx\/index.php?rest_route=\/wp\/v2\/media\/14346"}],"wp:attachment":[{"href":"https:\/\/zonaroja.com.mx\/index.php?rest_route=%2Fwp%2Fv2%2Fmedia&parent=14345"}],"wp:term":[{"taxonomy":"category","embeddable":true,"href":"https:\/\/zonaroja.com.mx\/index.php?rest_route=%2Fwp%2Fv2%2Fcategories&post=14345"},{"taxonomy":"post_tag","embeddable":true,"href":"https:\/\/zonaroja.com.mx\/index.php?rest_route=%2Fwp%2Fv2%2Ftags&post=14345"}],"curies":[{"name":"wp","href":"https:\/\/api.w.org\/{rel}","templated":true}]}}