{"id":14348,"date":"2020-06-28T08:00:16","date_gmt":"2020-06-28T13:00:16","guid":{"rendered":"http:\/\/www.zonaroja.com.mx\/?p=14348"},"modified":"2020-06-27T20:19:23","modified_gmt":"2020-06-28T01:19:23","slug":"promueve-poder-judicial-diplomado-en-linea-sobre-derechos-humanos","status":"publish","type":"post","link":"https:\/\/zonaroja.com.mx\/?p=14348","title":{"rendered":"Promueve Poder Judicial diplomado en l\u00ednea sobre derechos humanos"},"content":{"rendered":"\n<p>Redacci\u00f3n\/Zona\nRoja.<\/p>\n\n\n\n<p>Oaxaca\nde Ju\u00e1rez, Oax., 28 de junio de 2020.- El Poder Judicial de Oaxaca, en\ncolaboraci\u00f3n con la Asociaci\u00f3n Civil Asistencia Legal por los Derechos Humanos\n(AsiLegal), convoca a jueces, defensores p\u00fablicos, abogados postulantes y\noperadores del sistema de justicia de la entidad que deseen fortalecer sus\nconocimientos y pr\u00e1ctica profesional, a inscribirse en el diplomado en l\u00ednea\n\u201cDerechos humanos en la pr\u00e1ctica\u201d.<\/p>\n\n\n\n<p>En\ncoordinaci\u00f3n con los Poderes Judiciales de Chiapas y Guerrero, el curso se\nimpartir\u00e1 de manera gratuita del 13 de julio al 21 de septiembre, a trav\u00e9s de\nuna plataforma virtual, teniendo como plazo para su registro el s\u00e1bado 3 de\njulio, en la p\u00e1gina oficial de AsiLegal o en el siguiente enlace:\nhttps:\/\/asilegal.org.mx\/capacitaciones\/.<\/p>\n\n\n\n<p>El\nPoder Judicial del Estado inform\u00f3 que para Oaxaca, la asociaci\u00f3n civil ofreci\u00f3\n500 lugares, por ello, invit\u00f3 a las y los servidores judiciales a formar parte\nde dicho programa de formaci\u00f3n, en el que tambi\u00e9n participar\u00e1n funcionarios y\nprofesionales jur\u00eddicos de otras entidades del pa\u00eds.<\/p>\n\n\n\n<p>Dentro\nde los temas que se abordar\u00e1n se encuentran: la Teor\u00eda de los derechos humanos,\nAntecedentes hist\u00f3ricos y evoluci\u00f3n de los derechos humanos; Principios de los\nderechos humanos y Obligaciones de los estados.<\/p>\n\n\n\n<p>Tambi\u00e9n\nEfecto \u00fatil; Protecci\u00f3n progresiva de los derechos; M\u00e1ximo de recursos\ndisponibles; Clasificaci\u00f3n de los derechos humanos; Derechos civiles y\npol\u00edticos; Derechos econ\u00f3micos, sociales y culturales; Derechos sexuales y\nreproductivos; Derechos absolutos y l\u00edmites a los derechos humanos.<\/p>\n\n\n\n<p>Asimismo,\naspectos relacionados con los derechos humanos en M\u00e9xico, Vulnerabilidades, derechos\nhumanos y g\u00e9nero, Interculturalidad y pluralismo jur\u00eddico, Graves violaciones a\nderechos humanos en M\u00e9xico, El litigio estrat\u00e9gico como medio de defensa de\nderechos humanos y Resoluci\u00f3n de casos pr\u00e1cticos, entre otros de gran inter\u00e9s\npara su operatividad jurisdiccional.<\/p>\n\n\n\n<p>Asistencia\nLegal es una organizaci\u00f3n no gubernamental que trabaja en la defensa, promoci\u00f3n\ny difusi\u00f3n de los derechos humanos de grupos en situaci\u00f3n de vulnerabilidad.<\/p>\n","protected":false},"excerpt":{"rendered":"<p>Redacci\u00f3n\/Zona Roja. Oaxaca de Ju\u00e1rez, Oax., 28 de junio de 2020.- El Poder Judicial de&hellip;<\/p>\n","protected":false},"author":2,"featured_media":14349,"comment_status":"closed","ping_status":"open","sticky":false,"template":"","format":"standard","meta":{"_lmt_disableupdate":"","_lmt_disable":"","_jetpack_memberships_contains_paid_content":false,"footnotes":""},"categories":[109,46],"tags":[223],"class_list":["post-14348","post","type-post","status-publish","format-standard","has-post-thumbnail","hentry","category-minuto-a-minuto","category-zona-blanca","tag-poder-judicial-de-oaxaca"],"jetpack_featured_media_url":"https:\/\/zonaroja.com.mx\/wp-content\/uploads\/2020\/06\/Poder-Judicial-Oaxaca.jpg","jetpack_sharing_enabled":true,"_links":{"self":[{"href":"https:\/\/zonaroja.com.mx\/index.php?rest_route=\/wp\/v2\/posts\/14348","targetHints":{"allow":["GET"]}}],"collection":[{"href":"https:\/\/zonaroja.com.mx\/index.php?rest_route=\/wp\/v2\/posts"}],"about":[{"href":"https:\/\/zonaroja.com.mx\/index.php?rest_route=\/wp\/v2\/types\/post"}],"author":[{"embeddable":true,"href":"https:\/\/zonaroja.com.mx\/index.php?rest_route=\/wp\/v2\/users\/2"}],"replies":[{"embeddable":true,"href":"https:\/\/zonaroja.com.mx\/index.php?rest_route=%2Fwp%2Fv2%2Fcomments&post=14348"}],"version-history":[{"count":1,"href":"https:\/\/zonaroja.com.mx\/index.php?rest_route=\/wp\/v2\/posts\/14348\/revisions"}],"predecessor-version":[{"id":14350,"href":"https:\/\/zonaroja.com.mx\/index.php?rest_route=\/wp\/v2\/posts\/14348\/revisions\/14350"}],"wp:featuredmedia":[{"embeddable":true,"href":"https:\/\/zonaroja.com.mx\/index.php?rest_route=\/wp\/v2\/media\/14349"}],"wp:attachment":[{"href":"https:\/\/zonaroja.com.mx\/index.php?rest_route=%2Fwp%2Fv2%2Fmedia&parent=14348"}],"wp:term":[{"taxonomy":"category","embeddable":true,"href":"https:\/\/zonaroja.com.mx\/index.php?rest_route=%2Fwp%2Fv2%2Fcategories&post=14348"},{"taxonomy":"post_tag","embeddable":true,"href":"https:\/\/zonaroja.com.mx\/index.php?rest_route=%2Fwp%2Fv2%2Ftags&post=14348"}],"curies":[{"name":"wp","href":"https:\/\/api.w.org\/{rel}","templated":true}]}}