{"id":14351,"date":"2020-06-27T21:12:08","date_gmt":"2020-06-28T02:12:08","guid":{"rendered":"http:\/\/www.zonaroja.com.mx\/?p=14351"},"modified":"2020-06-28T14:16:00","modified_gmt":"2020-06-28T19:16:00","slug":"casi-llega-oaxaca-a-los-5-mil-contagios-mil-casos-en-sector-medico","status":"publish","type":"post","link":"https:\/\/zonaroja.com.mx\/?p=14351","title":{"rendered":"Casi llega Oaxaca a los 5 mil contagios; mil casos en sector m\u00e9dico"},"content":{"rendered":"\n<p>Redacci\u00f3n\/Zona\nRoja.<\/p>\n\n\n\n<p>Oaxaca\nde Ju\u00e1rez, Oax., 27 de junio de 2020.- El gobierno de Oaxaca confirm\u00f3 que a la\nfecha, la entidad est\u00e1 en un grado de alerta m\u00e1xima; es decir, la salud y la\nvida de las y los oaxaque\u00f1os se encuentran en el m\u00e1s alto nivel de riesgos de\ncontagio. Por ello, contin\u00faa la suspensi\u00f3n de actividades no esenciales.<\/p>\n\n\n\n<p>En\nun comunicado, los Servicios de Salud de Oaxaca dieron a conocer este s\u00e1bado 27\nde junio 124 nuevos casos de Covid-19, con los que suman cuatro mil 949 los\ncontagios; en cuanto a fallecimientos, se lleg\u00f3 a las 564 perdidas fatales, 19\nm\u00e1s en comparaci\u00f3n al corte epidemiol\u00f3gico de ayer.<\/p>\n\n\n\n<p>En\nun comunicado, la dependencia se\u00f1al\u00f3 que tres mil 778 personas lograron\nrecuperarse de la enfermedad infecciosa, desde el pasado marzo que inici\u00f3 la\nemergencia sanitaria a la actualidad.<\/p>\n\n\n\n<p>As\u00ed tambi\u00e9n, inform\u00f3 que mil 11 pruebas est\u00e1n en espera de resultados por laboratorio. Y respecto a la atenci\u00f3n m\u00e9dica, se\u00f1al\u00f3 que se tiene el 49.4% de ocupaci\u00f3n hospitalaria.<\/p>\n\n\n\n<figure class=\"wp-block-image\"><img decoding=\"async\" width=\"1024\" height=\"577\" src=\"http:\/\/www.zonaroja.com.mx\/wp-content\/uploads\/2020\/06\/SSO-2-1-5-1024x577.jpeg\" alt=\"\" class=\"wp-image-14352\" srcset=\"https:\/\/zonaroja.com.mx\/wp-content\/uploads\/2020\/06\/SSO-2-1-5-1024x577.jpeg 1024w, https:\/\/zonaroja.com.mx\/wp-content\/uploads\/2020\/06\/SSO-2-1-5-300x169.jpeg 300w, https:\/\/zonaroja.com.mx\/wp-content\/uploads\/2020\/06\/SSO-2-1-5-768x433.jpeg 768w, https:\/\/zonaroja.com.mx\/wp-content\/uploads\/2020\/06\/SSO-2-1-5-1170x659.jpeg 1170w, https:\/\/zonaroja.com.mx\/wp-content\/uploads\/2020\/06\/SSO-2-1-5-585x330.jpeg 585w, https:\/\/zonaroja.com.mx\/wp-content\/uploads\/2020\/06\/SSO-2-1-5.jpeg 1280w\" sizes=\"(max-width: 1024px) 100vw, 1024px\" \/><\/figure>\n\n\n\n<p>Confirm\u00f3\nque en total existen 607 personas que cursan en estos momentos el padecimiento\nrespiratorio, residentes de 103 municipios; cifra que indica que en el\nterritorio oaxaque\u00f1o la patolog\u00eda v\u00edrica se encuentra en etapa activa, por lo\nque se contin\u00faa en sem\u00e1foro rojo.<\/p>\n\n\n\n<p>En\ncuanto al personal m\u00e9dico, suman 995 casos positivos de Covid, de los cuales\nson: 344 m\u00e9dicos, 424 enfermeras, 227 de otros profesionales de la salud. <\/p>\n\n\n\n<p>En\neste escenario \u2013dijo- las autoridades de los tres niveles de gobierno tienen la\nobligaci\u00f3n legal, \u00e9tica y social de continuar con la suspensi\u00f3n de actividades\nno esenciales.<\/p>\n\n\n\n<p>Lo\nanterior, con el fin de proteger la salud y vida de la poblaci\u00f3n,\nprincipalmente de las personas m\u00e1s vulnerables a desarrollar la gravedad de la\nenfermedad. Asegur\u00f3 que reiniciar eventos o actividades que impliquen aglomeraciones\nmasivas en este momento, causar\u00eda un incremento acelerado de casos, p\u00e9rdidas\nhumanas, la posible saturaci\u00f3n hospitalaria, y una prolongaci\u00f3n a\u00fan mayor de\nlos efectos econ\u00f3micos adversos en el estado.<\/p>\n","protected":false},"excerpt":{"rendered":"<p>Redacci\u00f3n\/Zona Roja. Oaxaca de Ju\u00e1rez, Oax., 27 de junio de 2020.- El gobierno de Oaxaca&hellip;<\/p>\n","protected":false},"author":2,"featured_media":14367,"comment_status":"closed","ping_status":"open","sticky":false,"template":"","format":"standard","meta":{"_lmt_disableupdate":"","_lmt_disable":"","_jetpack_memberships_contains_paid_content":false,"footnotes":""},"categories":[109,47],"tags":[1512],"class_list":["post-14351","post","type-post","status-publish","format-standard","has-post-thumbnail","hentry","category-minuto-a-minuto","category-zona-gris","tag-coronavirus-oaxaca"],"jetpack_featured_media_url":"https:\/\/zonaroja.com.mx\/wp-content\/uploads\/2020\/06\/SSO-1-1-5.jpeg","jetpack_sharing_enabled":true,"_links":{"self":[{"href":"https:\/\/zonaroja.com.mx\/index.php?rest_route=\/wp\/v2\/posts\/14351","targetHints":{"allow":["GET"]}}],"collection":[{"href":"https:\/\/zonaroja.com.mx\/index.php?rest_route=\/wp\/v2\/posts"}],"about":[{"href":"https:\/\/zonaroja.com.mx\/index.php?rest_route=\/wp\/v2\/types\/post"}],"author":[{"embeddable":true,"href":"https:\/\/zonaroja.com.mx\/index.php?rest_route=\/wp\/v2\/users\/2"}],"replies":[{"embeddable":true,"href":"https:\/\/zonaroja.com.mx\/index.php?rest_route=%2Fwp%2Fv2%2Fcomments&post=14351"}],"version-history":[{"count":1,"href":"https:\/\/zonaroja.com.mx\/index.php?rest_route=\/wp\/v2\/posts\/14351\/revisions"}],"predecessor-version":[{"id":14354,"href":"https:\/\/zonaroja.com.mx\/index.php?rest_route=\/wp\/v2\/posts\/14351\/revisions\/14354"}],"wp:featuredmedia":[{"embeddable":true,"href":"https:\/\/zonaroja.com.mx\/index.php?rest_route=\/wp\/v2\/media\/14367"}],"wp:attachment":[{"href":"https:\/\/zonaroja.com.mx\/index.php?rest_route=%2Fwp%2Fv2%2Fmedia&parent=14351"}],"wp:term":[{"taxonomy":"category","embeddable":true,"href":"https:\/\/zonaroja.com.mx\/index.php?rest_route=%2Fwp%2Fv2%2Fcategories&post=14351"},{"taxonomy":"post_tag","embeddable":true,"href":"https:\/\/zonaroja.com.mx\/index.php?rest_route=%2Fwp%2Fv2%2Ftags&post=14351"}],"curies":[{"name":"wp","href":"https:\/\/api.w.org\/{rel}","templated":true}]}}