{"id":14355,"date":"2020-06-28T09:00:01","date_gmt":"2020-06-28T14:00:01","guid":{"rendered":"http:\/\/www.zonaroja.com.mx\/?p=14355"},"modified":"2020-06-27T21:18:12","modified_gmt":"2020-06-28T02:18:12","slug":"ex-edil-de-san-mateo-del-mar-rechaza-haber-comandado-asesinato-de-15-personas","status":"publish","type":"post","link":"https:\/\/zonaroja.com.mx\/?p=14355","title":{"rendered":"Ex edil de San Mateo del Mar rechaza haber comandado asesinato de 15 personas"},"content":{"rendered":"\n<p>Redacci\u00f3n\/Estado\n20.<\/p>\n\n\n\n<p>Oaxaca\nde Ju\u00e1rez, Oax., 28 de junio de 2020.- Camerino D\u00e1valos Larrinzar, ex mun\u00edcipe\nde San Mateo del Mar y acusado por el actual edil, Bernardino Ponce Hinojosa,\nde haber sido uno de los cabecillas del grupo que hace una semana asesin\u00f3 a 15\nhabitantes de la agencia de Huazantl\u00e1n del R\u00edo, rechaz\u00f3 tales imputaciones, al\nafirmar que desde antes de aquellos hechos, \u00e9l ha permanecido en el municipio\nde Juchit\u00e1n de Zaragoza debido a que uno de sus familiares padece Covid 19.<\/p>\n\n\n\n<p>En\nentrevista, D\u00e1valos sostuvo, incluso, que desde hace un a\u00f1o huy\u00f3 de San Mateo\ndel Mar, luego de que miembros de su familia fueron secuestrados a ra\u00edz de las\npugnas pol\u00edticas que predominan en esa municipalidad del estado.<\/p>\n\n\n\n<p>\u201cEso\ncomentan (sobre mi participaci\u00f3n en el ataque), pero (el d\u00eda de los hechos) no\nme encontraba en ese lugar. (Estoy en) Juchit\u00e1n de Zaragoza porque tengo a un\nfamiliar con Covid 19\u201d, sostuvo D\u00e1valos el pasado 22 de junio, un d\u00eda despu\u00e9s\nde los asesinatos.<\/p>\n\n\n\n<p>\u201cLlevamos\ncasi cinco o seis d\u00edas ac\u00e1 y por eso estuve en ese lugar; de hecho ya tiene\ntiempo que no vivo ah\u00ed. Ya ser\u00e1 casi el a\u00f1o desde que (me sal\u00ed de San Mateo del\nMar). <\/p>\n\n\n\n<p>\u201cEn\n2017 esa misma organizaci\u00f3n (el grupo af\u00edn al edil) secuestr\u00f3 a mi hija; hubo\nproblemas en 2017, tomaron fotos de mi casa, secuestraron a mi hija casi seis\nhoras con otros ni\u00f1os y de eso tambi\u00e9n ten\u00eda conocimiento la Secretar\u00eda General\nde Gobierno. A consecuencia de eso, mis hijos y mi esposa decidieron salir de\nah\u00ed. Llevan a\u00f1os que ni en la asamblea participo\u201d, afirm\u00f3.<\/p>\n\n\n\n<p>D\u00e1valos\ntambi\u00e9n deslind\u00f3 de los hechos a su hermano, Pedro D\u00e1valos Larrinzar, quien,\nafirm\u00f3, tampoco se encontraba en el lugar, a pesar de los se\u00f1alamientos\ndirectos que tambi\u00e9n recaen sobre \u00e9l de parte del ayuntamiento.<\/p>\n\n\n\n<p>\u201cNo\nestaba yo ah\u00ed, y no se vale que me involucren. Una cosa es que tengan broncas\nentre ellos y otra que est\u00e9n mencionando mi nombre. Estoy pasando una situaci\u00f3n\ngrave en el hospital, con mi familiar a punto de fallecer, y molesta\u201d, reiter\u00f3.<\/p>\n\n\n\n<p>&#8211;\u00bfY\nsu hermano?, tambi\u00e9n lo se\u00f1alan.<\/p>\n\n\n\n<p>&#8211;No,\ntampoco mi hermano est\u00e1 ah\u00ed (en San Mateo del Mar). Se les hace f\u00e1cil agarrar\nel nombre de quien sea y ponerlo. Son gente de fuera la que hace eso. Hay una\norganizaci\u00f3n que est\u00e1 metida ah\u00ed en la comunidad, pero est\u00e1 formada por gente\nfor\u00e1nea, gente de Oaxaca.<\/p>\n\n\n\n<p>\u201cNo\ns\u00e9 c\u00f3mo se llama, pero eso comentan; organizaci\u00f3n de la delincuencia\u201d, asegur\u00f3.<\/p>\n\n\n\n<p>El\nlunes pasado, horas despu\u00e9s del ataque ocurrido en Huazantl\u00e1n del R\u00edo, el ayuntamiento\nde San Mateo del Mar, encabezado por Bernardino Ponce, emiti\u00f3 un comunicado, a\ntrav\u00e9s del cual acus\u00f3 a Camerino y Pedro D\u00e1valos, de ser dos de las seis\npersonas que lideraban al grupo que atac\u00f3 con piedras, palos y machetes a\nvarios ciudadanos que efectuaban la toma de la agencia municipal.<\/p>\n\n\n\n<p>De\nacuerdo con el Cabildo, algunos de los hoy extintos fueron quemados vivos por\nla turba, que, seg\u00fan sus aseveraciones, fue encabezada por como Camerino\nD\u00e1valos Larrinzar, Pedro D\u00e1valos Larrinzar, Laura Fiallo Sandoval, Marcelino\nRam\u00edrez Nolasco, Iv\u00e1n Mateos L\u00f3pez y Jos\u00e9 Luis Ch\u00e1vez Salinas.<\/p>\n\n\n\n<p>&#8211;\u00bfCu\u00e1l\nser\u00eda su llamado a las autoridades estatales y federales?<\/p>\n\n\n\n<p>&#8211;Que\nya atiendan el tema; de verdad, estos problemas que est\u00e1n sucediendo en la\ncomunidad es negligencia del gobierno estatal; H\u00e9ctor Anuar Mafud (titular de\nSegego) ya tiene conocimiento; no de ahora, desde 2017 cuando secuestraron a mi\nhija y secuestraron a ni\u00f1os, \u00e9l tuvo conocimiento.<\/p>\n\n\n\n<p>\u201cAhora,\nel fallecimiento que el 3 de mayo hubo en Huazantl\u00e1n (en otra disputa entre\ngrupos antag\u00f3nicos) tambi\u00e9n les informaron a ellos (a las autoridades); tienen\nconocimiento y no s\u00e9 por qu\u00e9 no lo atienden, de verdad. No s\u00e9 cu\u00e1l es el\nproblema, que no lo pueden resolver\u201d.<\/p>\n\n\n\n<p>Camerino\nD\u00e1valos afirm\u00f3 que proceder\u00e1 legalmente en contra de quienes lo acusan de haber\norquestado la agresi\u00f3n del 21 de junio y la madrugada del d\u00eda 22.<\/p>\n","protected":false},"excerpt":{"rendered":"<p>Redacci\u00f3n\/Estado 20. Oaxaca de Ju\u00e1rez, Oax., 28 de junio de 2020.- Camerino D\u00e1valos Larrinzar, ex&hellip;<\/p>\n","protected":false},"author":2,"featured_media":11884,"comment_status":"closed","ping_status":"open","sticky":false,"template":"","format":"standard","meta":{"_lmt_disableupdate":"","_lmt_disable":"","_jetpack_memberships_contains_paid_content":false,"footnotes":""},"categories":[109,47],"tags":[605],"class_list":["post-14355","post","type-post","status-publish","format-standard","has-post-thumbnail","hentry","category-minuto-a-minuto","category-zona-gris","tag-san-mateo-del-mar"],"jetpack_featured_media_url":"https:\/\/zonaroja.com.mx\/wp-content\/uploads\/2020\/05\/San-Mateo-del-Mar-4.jpg","jetpack_sharing_enabled":true,"_links":{"self":[{"href":"https:\/\/zonaroja.com.mx\/index.php?rest_route=\/wp\/v2\/posts\/14355","targetHints":{"allow":["GET"]}}],"collection":[{"href":"https:\/\/zonaroja.com.mx\/index.php?rest_route=\/wp\/v2\/posts"}],"about":[{"href":"https:\/\/zonaroja.com.mx\/index.php?rest_route=\/wp\/v2\/types\/post"}],"author":[{"embeddable":true,"href":"https:\/\/zonaroja.com.mx\/index.php?rest_route=\/wp\/v2\/users\/2"}],"replies":[{"embeddable":true,"href":"https:\/\/zonaroja.com.mx\/index.php?rest_route=%2Fwp%2Fv2%2Fcomments&post=14355"}],"version-history":[{"count":1,"href":"https:\/\/zonaroja.com.mx\/index.php?rest_route=\/wp\/v2\/posts\/14355\/revisions"}],"predecessor-version":[{"id":14356,"href":"https:\/\/zonaroja.com.mx\/index.php?rest_route=\/wp\/v2\/posts\/14355\/revisions\/14356"}],"wp:featuredmedia":[{"embeddable":true,"href":"https:\/\/zonaroja.com.mx\/index.php?rest_route=\/wp\/v2\/media\/11884"}],"wp:attachment":[{"href":"https:\/\/zonaroja.com.mx\/index.php?rest_route=%2Fwp%2Fv2%2Fmedia&parent=14355"}],"wp:term":[{"taxonomy":"category","embeddable":true,"href":"https:\/\/zonaroja.com.mx\/index.php?rest_route=%2Fwp%2Fv2%2Fcategories&post=14355"},{"taxonomy":"post_tag","embeddable":true,"href":"https:\/\/zonaroja.com.mx\/index.php?rest_route=%2Fwp%2Fv2%2Ftags&post=14355"}],"curies":[{"name":"wp","href":"https:\/\/api.w.org\/{rel}","templated":true}]}}