{"id":14357,"date":"2020-06-28T08:10:47","date_gmt":"2020-06-28T13:10:47","guid":{"rendered":"http:\/\/www.zonaroja.com.mx\/?p=14357"},"modified":"2020-06-28T08:10:50","modified_gmt":"2020-06-28T13:10:50","slug":"retoma-la-onu-caso-de-alexander-asesinado-por-policias-en-oaxaca","status":"publish","type":"post","link":"https:\/\/zonaroja.com.mx\/?p=14357","title":{"rendered":"Retoma la ONU caso de Alexander, asesinado por polic\u00edas en Oaxaca"},"content":{"rendered":"\n<p>Redacci\u00f3n\/Zona\nRoja.<\/p>\n\n\n\n<p>Oaxaca\nde Ju\u00e1rez, Oax., 28 de junio de 2020.- La Oficina del Alto Comisionado para los\nDerechos Humanos de la ONU en M\u00e9xico, retom\u00f3 y acompa\u00f1ar\u00e1 el caso de Alexander\nG. M., asesinado por polic\u00edas el pasado 9 de junio en el municipio de Acatl\u00e1n\nde P\u00e9rez Figueroa.<\/p>\n\n\n\n<p>El\norganismo internacional expuso asimismo su inter\u00e9s por documentar el caso y\nbrindar todo el respaldo a la familia del joven, de nacionalidad\nmexicana-norteamericana.<\/p>\n\n\n\n<p>Lo\nanterior, con la finalidad de vigilar que todos los procesos de justicia, por\nahora a cargo de la Fiscal\u00eda General del Estado de Oaxaca, se lleven a cabo con\nlos m\u00e1s altos est\u00e1ndares internacionales.<\/p>\n\n\n\n<p>De\nacuerdo con la familia de Alexander, los padres Victoria G\u00f3mez y Teodoro\nMart\u00ednez, as\u00ed como su hijo Alexis, hasta el momento no han tenido la atenci\u00f3n\nadecuada por parte de la Defensor\u00eda de los Derechos Humanos del Pueblo de\nOaxaca.<\/p>\n\n\n\n<p>Recientemente,\nfamiliares del joven futbolista profesional abrieron un sitio de internet\ndenominado www.justiciaparaalexander.mx, a fin de dar a conocer la informaci\u00f3n\nnecesaria, pero tambi\u00e9n mantener su exigencia de justicia \u00e1gil y efectiva.<\/p>\n\n\n\n<p>Por\nel caso, un polic\u00eda municipal se entreg\u00f3 de manera voluntaria ante la autoridad\nmunicipal, aunque inicialmente hab\u00eda argumentado que el arma se dispar\u00f3\naccidentalmente; despu\u00e9s fue entregado a la Fiscal\u00eda General del Estado de\nOaxaca y tras las pruebas, el Poder Judicial lo vincul\u00f3 a proceso; en tanto,\npermanece en prisi\u00f3n preventiva.<\/p>\n","protected":false},"excerpt":{"rendered":"<p>Redacci\u00f3n\/Zona Roja. Oaxaca de Ju\u00e1rez, Oax., 28 de junio de 2020.- La Oficina del Alto&hellip;<\/p>\n","protected":false},"author":2,"featured_media":13645,"comment_status":"closed","ping_status":"open","sticky":false,"template":"","format":"standard","meta":{"_lmt_disableupdate":"","_lmt_disable":"","_jetpack_memberships_contains_paid_content":false,"footnotes":""},"categories":[109,47],"tags":[187,1749],"class_list":["post-14357","post","type-post","status-publish","format-standard","has-post-thumbnail","hentry","category-minuto-a-minuto","category-zona-gris","tag-acatlan-de-perez-figueroa","tag-alexander-g-m"],"jetpack_featured_media_url":"https:\/\/zonaroja.com.mx\/wp-content\/uploads\/2020\/06\/Sepelio-Alexander-1.jpg","jetpack_sharing_enabled":true,"_links":{"self":[{"href":"https:\/\/zonaroja.com.mx\/index.php?rest_route=\/wp\/v2\/posts\/14357","targetHints":{"allow":["GET"]}}],"collection":[{"href":"https:\/\/zonaroja.com.mx\/index.php?rest_route=\/wp\/v2\/posts"}],"about":[{"href":"https:\/\/zonaroja.com.mx\/index.php?rest_route=\/wp\/v2\/types\/post"}],"author":[{"embeddable":true,"href":"https:\/\/zonaroja.com.mx\/index.php?rest_route=\/wp\/v2\/users\/2"}],"replies":[{"embeddable":true,"href":"https:\/\/zonaroja.com.mx\/index.php?rest_route=%2Fwp%2Fv2%2Fcomments&post=14357"}],"version-history":[{"count":1,"href":"https:\/\/zonaroja.com.mx\/index.php?rest_route=\/wp\/v2\/posts\/14357\/revisions"}],"predecessor-version":[{"id":14358,"href":"https:\/\/zonaroja.com.mx\/index.php?rest_route=\/wp\/v2\/posts\/14357\/revisions\/14358"}],"wp:featuredmedia":[{"embeddable":true,"href":"https:\/\/zonaroja.com.mx\/index.php?rest_route=\/wp\/v2\/media\/13645"}],"wp:attachment":[{"href":"https:\/\/zonaroja.com.mx\/index.php?rest_route=%2Fwp%2Fv2%2Fmedia&parent=14357"}],"wp:term":[{"taxonomy":"category","embeddable":true,"href":"https:\/\/zonaroja.com.mx\/index.php?rest_route=%2Fwp%2Fv2%2Fcategories&post=14357"},{"taxonomy":"post_tag","embeddable":true,"href":"https:\/\/zonaroja.com.mx\/index.php?rest_route=%2Fwp%2Fv2%2Ftags&post=14357"}],"curies":[{"name":"wp","href":"https:\/\/api.w.org\/{rel}","templated":true}]}}