{"id":14364,"date":"2020-06-28T14:14:20","date_gmt":"2020-06-28T19:14:20","guid":{"rendered":"http:\/\/www.zonaroja.com.mx\/?p=14364"},"modified":"2020-06-28T14:14:24","modified_gmt":"2020-06-28T19:14:24","slug":"invisible-para-fiscalia-de-oaxaca-violencia-en-personas-con-discapacidad","status":"publish","type":"post","link":"https:\/\/zonaroja.com.mx\/?p=14364","title":{"rendered":"Invisible para Fiscal\u00eda de Oaxaca violencia en personas con discapacidad"},"content":{"rendered":"\n<p>Yuridiana\nSosa\/Zona Roja.<\/p>\n\n\n\n<p>Oaxaca de\nJu\u00e1rez,Oax., 28 de junio de 2020.- Los delitos cometidos contra personas con\ndiscapacidad, entre \u00e9stas la violencia familiar, no existen en la base de datos\nde las investigaciones en la Fiscal\u00eda General de Oaxaca, entidad en la que m\u00e1s\nde 227 mil personas viven con alguna discapacidad.<\/p>\n\n\n\n<p>As\u00ed lo\nrevel\u00f3 el informe \u201c\u2018Es mejor hacerte invisible: Violencia familiar contra personas\ncon discapacidad en M\u00e9xico\u201d, de la organizaci\u00f3n internacional de derechos\nhumanos Human Rights Watch, publicado recientemente.<\/p>\n\n\n\n<p>&nbsp;Durante\nel informe, la organizaci\u00f3n se\u00f1al\u00f3 que el gobierno no protege a personas con\ndiscapacidad que se encuentran en graves situaciones de abuso y abandono por\nparte de sus familias.<\/p>\n\n\n\n<p>La\ninformaci\u00f3n sobre el estado de justicia con esas personas la confirm\u00f3 el propio\nFiscal General de Oaxaca, Rub\u00e9n Vasconcelos M\u00e9ndez, quien a trav\u00e9s de una\nentrevista con Human Rights Watch en noviembre de 2019, reconoci\u00f3 la falta de\ninformaci\u00f3n en la materia.<\/p>\n\n\n\n<p>\u201cFuncionarios\nde la Fiscal\u00eda de Oaxaca informaron que no ten\u00edan datos sobre investigaciones\niniciadas por presunta violencia familiar contra personas con discapacidad, ni\ntampoco informaci\u00f3n sobre casos resueltos\u201d, pues previamente en enero, de ese\na\u00f1o, el vicefiscal de Atenci\u00f3n a V\u00edctimas, Jes\u00fas Rodr\u00edguez, indic\u00f3 la misma\nsituaci\u00f3n.<\/p>\n\n\n\n<p>Posterior\na la primera entrevista, la Fiscal\u00eda de Oaxaca no respondi\u00f3 a cartas enviadas\npor Human Rights Watch para solicitar m\u00e1s informaci\u00f3n, en el mes de octubre.<\/p>\n\n\n\n<p>El\nestudio se realiz\u00f3 en los estados de Oaxaca, Jalisco, Nuevo Le\u00f3n y Ciudad de\nM\u00e9xico, en los cuales, adem\u00e1s seg\u00fan la Encuesta Nacional de Victimizaci\u00f3n y\nPercepci\u00f3n sobre Seguridad P\u00fablica (ENVIPE) existe un alto porcentaje de\ndelitos que no se denuncia; Oaxaca es el m\u00e1s alto con en Oaxaca, el 95.2 por\nciento, Ciudad de M\u00e9xico, el 94 por ciento; en Jalisco, el 91.8 por ciento y\nNuevo Le\u00f3n, el 91.6 por ciento.<\/p>\n\n\n\n<p>DIF\u00cfCIL\nACCESO A LA JUSTICIA <\/p>\n\n\n\n<p>El\nestudio del organismo no gubernamental se\u00f1al\u00f3 que, el acceso a la justicia\ndesde la accesibilidad f\u00edsica en el Centro de Justicia para las Mujeres,\ntambi\u00e9n es afectado.<\/p>\n\n\n\n<p>En\nOaxaca, en la visita de noviembre de 2019, observ\u00f3 que el refugio de emergencia\ncontaba con escalones en la entrada, en vez de rampas, y el \u00fanico ba\u00f1o que\nobserv\u00f3 no era accesible para una persona que usa una silla de ruedas.<\/p>\n\n\n\n<p>La\ndirectora del Centro, Jhazibe Leticia Valencia de los Santos, indic\u00f3 para el\nestudi\u00f3, que hab\u00edan prestado servicios a ocho mujeres sordas con el apoyo de un\nint\u00e9rprete de lengua de se\u00f1as y en contestaci\u00f3n a una na carta enviada en\ndiciembre de 2019, la directora se\u00f1al\u00f3 que admiten a mujeres con discapacidad\npsicosocial pero que tambi\u00e9n pueden canalizarlas a un hospital psiqui\u00e1trico.<\/p>\n\n\n\n<p>LEYES\nARCHIVADAS<\/p>\n\n\n\n<p>Oaxaca es\nuno de los estados donde la violencia familiar contra una persona con\ndiscapacidad constituye un agravante en la condena y amerita imponer una pena\nm\u00e1s severa, establecida en su C\u00f3digo Penal en el art\u00edculo 405.<\/p>\n\n\n\n<p>Adem\u00e1s,\nel art\u00edculo 193 establece que si una persona cuenta con medios econ\u00f3micos y no\nmantiene a una persona de su familia que tiene una discapacidad, puede ser\nconsiderada penalmente responsable y recibir sanciones que pueden incluir penas\nde prisi\u00f3n.<\/p>\n\n\n\n<p>La\nrealidad en Oaxaca es distinta y en el informe se document\u00f3 el caso de un\nhombre de 35 a\u00f1os de edad que vive violencia de parte de su familia, quien\ntambi\u00e9n le arrebata la posibilidad de disponer del recurso de la pensi\u00f3n por su\ndiscapacidad.<\/p>\n\n\n\n<p>Human\nRights Watch destac\u00f3 que en Oaxaca, la Secretar\u00eda de Desarrollo Social del\nestado otorgaba, hasta diciembre de 2018, una pensi\u00f3n de mil pesos cada dos\nmeses a 21 mil 180 personas con discapacidad, de un total aproximado de 227 mil\noaxaque\u00f1os con discapacidad, de acuerdo al \u201cPrograma Bienestar de Apoyo a\nPersonas con Discapacidad\u201d, IPRO: Iniciativa para el Fortalecimiento de la\nInstitucionalidad de los Programas Sociales.<\/p>\n\n\n\n<p>Las\nautoridades del estado de Oaxaca dejaron sin efecto este programa de pensiones\ncuando comenz\u00f3 a funcionar el programa federal de pensiones.<\/p>\n\n\n\n<p>El\ninforme de la ONG internacional recomend\u00f3 que \u201cel gobierno deber\u00eda proteger a\nlas personas con discapacidad de la posibilidad de violencia, y esto incluye\ngenerar servicios para que puedan tener una vida independiente\u201d.<\/p>\n","protected":false},"excerpt":{"rendered":"<p>Yuridiana Sosa\/Zona Roja. Oaxaca de Ju\u00e1rez,Oax., 28 de junio de 2020.- Los delitos cometidos contra&hellip;<\/p>\n","protected":false},"author":2,"featured_media":14365,"comment_status":"closed","ping_status":"open","sticky":false,"template":"","format":"standard","meta":{"_lmt_disableupdate":"","_lmt_disable":"","_jetpack_memberships_contains_paid_content":false,"footnotes":""},"categories":[109,47],"tags":[1799],"class_list":["post-14364","post","type-post","status-publish","format-standard","has-post-thumbnail","hentry","category-minuto-a-minuto","category-zona-gris","tag-human-rights-wacht"],"jetpack_featured_media_url":"https:\/\/zonaroja.com.mx\/wp-content\/uploads\/2020\/06\/Discapacitados.jpg","jetpack_sharing_enabled":true,"_links":{"self":[{"href":"https:\/\/zonaroja.com.mx\/index.php?rest_route=\/wp\/v2\/posts\/14364","targetHints":{"allow":["GET"]}}],"collection":[{"href":"https:\/\/zonaroja.com.mx\/index.php?rest_route=\/wp\/v2\/posts"}],"about":[{"href":"https:\/\/zonaroja.com.mx\/index.php?rest_route=\/wp\/v2\/types\/post"}],"author":[{"embeddable":true,"href":"https:\/\/zonaroja.com.mx\/index.php?rest_route=\/wp\/v2\/users\/2"}],"replies":[{"embeddable":true,"href":"https:\/\/zonaroja.com.mx\/index.php?rest_route=%2Fwp%2Fv2%2Fcomments&post=14364"}],"version-history":[{"count":1,"href":"https:\/\/zonaroja.com.mx\/index.php?rest_route=\/wp\/v2\/posts\/14364\/revisions"}],"predecessor-version":[{"id":14366,"href":"https:\/\/zonaroja.com.mx\/index.php?rest_route=\/wp\/v2\/posts\/14364\/revisions\/14366"}],"wp:featuredmedia":[{"embeddable":true,"href":"https:\/\/zonaroja.com.mx\/index.php?rest_route=\/wp\/v2\/media\/14365"}],"wp:attachment":[{"href":"https:\/\/zonaroja.com.mx\/index.php?rest_route=%2Fwp%2Fv2%2Fmedia&parent=14364"}],"wp:term":[{"taxonomy":"category","embeddable":true,"href":"https:\/\/zonaroja.com.mx\/index.php?rest_route=%2Fwp%2Fv2%2Fcategories&post=14364"},{"taxonomy":"post_tag","embeddable":true,"href":"https:\/\/zonaroja.com.mx\/index.php?rest_route=%2Fwp%2Fv2%2Ftags&post=14364"}],"curies":[{"name":"wp","href":"https:\/\/api.w.org\/{rel}","templated":true}]}}