{"id":14368,"date":"2020-06-28T15:08:12","date_gmt":"2020-06-28T20:08:12","guid":{"rendered":"http:\/\/www.zonaroja.com.mx\/?p=14368"},"modified":"2020-06-28T15:11:00","modified_gmt":"2020-06-28T20:11:00","slug":"domingo-en-oaxaca-dos-ejecutados-y-marcha-contra-feminicidios","status":"publish","type":"post","link":"https:\/\/zonaroja.com.mx\/?p=14368","title":{"rendered":"Domingo en Oaxaca: dos ejecutados y marcha contra feminicidios"},"content":{"rendered":"\n<p>Redacci\u00f3n\/Zona\nRoja.<\/p>\n\n\n\n<p>Oaxaca\nde Ju\u00e1rez, Oax., 28 de junio de 2020.- Dos personas han sido ejecutadas a\nbalazos en el transcurso de este domingo en el estado de Oaxaca.<\/p>\n\n\n\n<p>La\nmadrugada de hoy, en el municipio de San Felipe Usila, regi\u00f3n de la Cuenca, fue\nasesinado a balazos un funcionario municipal.<\/p>\n\n\n\n<p>Se\ntrata de Raymundo Mur\u00e1n Murgu\u00eda, director de Protecci\u00f3n Civil Municipal, quien\nfue ultimado por disparos de arma de fuego la madrugada de hoy.<\/p>\n\n\n\n<p>Mientras\nque durante la ma\u00f1ana, en el crucero a San Luis Amatl\u00e1n, sobre la v\u00eda federal\n175 que conduce a Miahuatl\u00e1n de Porfirio D\u00edaz, fue ejecutado un individuo.<\/p>\n\n\n\n<p>El\nhombre al parecer realizaba reparaciones en su unidad de motor, marca Nissan,\ntipo Tsuru, color guinda, cuando fue atacado a balazos; hasta el momento no ha\nsido identificado.<\/p>\n\n\n\n<p>En tanto que alrededor de las 10:00 horas, en Huautla de Jim\u00e9nez, regi\u00f3n Ca\u00f1ada del estado, se efectu\u00f3 una marcha, con las medidas sanitarias correspondientes, para exigir esclarecimiento del feminicidio de Virginia y Julia, masacradas el pasado lunes.<\/p>\n\n\n\n<figure class=\"wp-block-embed-twitter wp-block-embed is-type-rich is-provider-twitter\"><div class=\"wp-block-embed__wrapper\">\n<div class=\"twitter-tweet\"><blockquote class=\"twitter-tweet\" data-lang=\"es\"><p lang=\"es\" dir=\"ltr\"><a href=\"https:\/\/twitter.com\/hashtag\/%C3%9AltimoMinuto?src=hash&amp;ref_src=twsrc%5Etfw\">#\u00daltimoMinuto<\/a> <br>En <a href=\"https:\/\/twitter.com\/hashtag\/Huautla?src=hash&amp;ref_src=twsrc%5Etfw\">#Huautla<\/a> de Jim\u00e9nez, <a href=\"https:\/\/twitter.com\/hashtag\/Oaxaca?src=hash&amp;ref_src=twsrc%5Etfw\">#Oaxaca<\/a>, esta ma\u00f1ana se efectu\u00f3 una protesta para exigir justicia por un doble <a href=\"https:\/\/twitter.com\/hashtag\/feminicidio?src=hash&amp;ref_src=twsrc%5Etfw\">#feminicidio<\/a>, de Virgina y Julia, perpetrado el pasado lunes y a la fecha no hay ninguna persona detenida. <a href=\"https:\/\/t.co\/ArHIZQkk5E\">pic.twitter.com\/ArHIZQkk5E<\/a><\/p>&mdash; Zona Roja Oaxaca (@MexRoja) <a href=\"https:\/\/twitter.com\/MexRoja\/status\/1277295012003246083?ref_src=twsrc%5Etfw\">28 de junio de 2020<\/a><\/blockquote><\/div>\n<\/div><\/figure>\n\n\n\n<p>As\u00ed\nmismo, invitaron a la poblaci\u00f3n mazateca en general a apoyar con v\u00edveres a\nfamiliares de dichas mujeres, pues dejaron hijos en la orfandad.<\/p>\n\n\n\n<p>La\nmovilizaci\u00f3n lleg\u00f3 al palacio municipal, donde colocaron carteles para rechazar\nla violencia y las continuas desapariciones de personas en ese municipio.<\/p>\n\n\n\n<p>\u201cLas\nautoridades de Huautla no deber\u00edan preocuparse por el coronavirus, pues siempre\nse lavan las manos. \u00a1Justicia para Virginia y Julia\u201d, fue uno de los letreros.<\/p>\n\n\n\n<p>Por\neste doble feminicidio no hay personas detenidas.<\/p>\n","protected":false},"excerpt":{"rendered":"<p>Redacci\u00f3n\/Zona Roja. Oaxaca de Ju\u00e1rez, Oax., 28 de junio de 2020.- Dos personas han sido&hellip;<\/p>\n","protected":false},"author":2,"featured_media":14369,"comment_status":"closed","ping_status":"open","sticky":false,"template":"","format":"standard","meta":{"_lmt_disableupdate":"","_lmt_disable":"","_jetpack_memberships_contains_paid_content":false,"footnotes":""},"categories":[109,51],"tags":[203,1800],"class_list":["post-14368","post","type-post","status-publish","format-standard","has-post-thumbnail","hentry","category-minuto-a-minuto","category-zona-roja","tag-huautla-de-jimenez","tag-san-luis-amatlan"],"jetpack_featured_media_url":"https:\/\/zonaroja.com.mx\/wp-content\/uploads\/2020\/06\/Asesinato-San-Luis-Amatl\u00e1n.jpg","jetpack_sharing_enabled":true,"_links":{"self":[{"href":"https:\/\/zonaroja.com.mx\/index.php?rest_route=\/wp\/v2\/posts\/14368","targetHints":{"allow":["GET"]}}],"collection":[{"href":"https:\/\/zonaroja.com.mx\/index.php?rest_route=\/wp\/v2\/posts"}],"about":[{"href":"https:\/\/zonaroja.com.mx\/index.php?rest_route=\/wp\/v2\/types\/post"}],"author":[{"embeddable":true,"href":"https:\/\/zonaroja.com.mx\/index.php?rest_route=\/wp\/v2\/users\/2"}],"replies":[{"embeddable":true,"href":"https:\/\/zonaroja.com.mx\/index.php?rest_route=%2Fwp%2Fv2%2Fcomments&post=14368"}],"version-history":[{"count":2,"href":"https:\/\/zonaroja.com.mx\/index.php?rest_route=\/wp\/v2\/posts\/14368\/revisions"}],"predecessor-version":[{"id":14372,"href":"https:\/\/zonaroja.com.mx\/index.php?rest_route=\/wp\/v2\/posts\/14368\/revisions\/14372"}],"wp:featuredmedia":[{"embeddable":true,"href":"https:\/\/zonaroja.com.mx\/index.php?rest_route=\/wp\/v2\/media\/14369"}],"wp:attachment":[{"href":"https:\/\/zonaroja.com.mx\/index.php?rest_route=%2Fwp%2Fv2%2Fmedia&parent=14368"}],"wp:term":[{"taxonomy":"category","embeddable":true,"href":"https:\/\/zonaroja.com.mx\/index.php?rest_route=%2Fwp%2Fv2%2Fcategories&post=14368"},{"taxonomy":"post_tag","embeddable":true,"href":"https:\/\/zonaroja.com.mx\/index.php?rest_route=%2Fwp%2Fv2%2Ftags&post=14368"}],"curies":[{"name":"wp","href":"https:\/\/api.w.org\/{rel}","templated":true}]}}