{"id":14373,"date":"2020-06-28T15:32:27","date_gmt":"2020-06-28T20:32:27","guid":{"rendered":"http:\/\/www.zonaroja.com.mx\/?p=14373"},"modified":"2020-06-28T15:32:31","modified_gmt":"2020-06-28T20:32:31","slug":"hay-muchos-que-pueden-ser-el-primer-gobernador-de-morena-en-oaxaca","status":"publish","type":"post","link":"https:\/\/zonaroja.com.mx\/?p=14373","title":{"rendered":"\u201cHay muchos que pueden ser el primer gobernador de Morena en Oaxaca\u201d"},"content":{"rendered":"\n<p>Ismael\nGarc\u00eda M.<\/p>\n\n\n\n<p>Oaxaca\nde Ju\u00e1rez, Oax., 28 de junio de 2020.- Una veintena de militantes del Partido\nMorena, encabezados por los ex perredistas Rosendo Serrano Toledo y Rey Morales\nS\u00e1nchez, destacaron la divisi\u00f3n que existe en la dirigencia del Partido Morena\nen Oaxaca.<\/p>\n\n\n\n<p>Asimismo,\nexpresaron su rechazo a la convocatoria a una sesi\u00f3n extraordinaria, que\nemitir\u00eda este domingo una convocatoria para un congreso extraordinario en que\nse elegir\u00eda la dirigencia estatal, seg\u00fan dijo Morales S\u00e1nchez.<\/p>\n\n\n\n<p>Rosendo\nSerrano tambi\u00e9n evidenci\u00f3 los grupos en pugna y habl\u00f3 tambi\u00e9n de los probables\naspirantes a la gubernatura, en las elecciones del 2022:<\/p>\n\n\n\n<p>\u201cHay\nmuchos que pueden ser, Susana Harp, el compa\u00f1ero Neri (Francisco Mart\u00ednez),\nArmando Contreras, el mismo Salom\u00f3n Jara, hay muchos que pueden ser el primer\ngobernador de Morena en el 2022.<\/p>\n\n\n\n<p>\u201cPero tenemos que unificar primero a Morena; para ganar necesitamos unidad, no divisi\u00f3n, no es correcto dividir a Morena, a menos que no quieran que Morena no gane las elecciones en el 2021 y tengamos la derrota en el 202, si siguen as\u00ed, est\u00e1n en el camino para entregar el partido nuevamente al PRI\u201d, dijo el ex diputado local y ex edil de Ciudad Ixtepec.<\/p>\n\n\n\n<figure class=\"wp-block-embed-twitter wp-block-embed is-type-rich is-provider-twitter\"><div class=\"wp-block-embed__wrapper\">\n<div class=\"twitter-tweet\"><blockquote class=\"twitter-tweet\" data-lang=\"es\"><p lang=\"es\" dir=\"ltr\"><a href=\"https:\/\/twitter.com\/hashtag\/%C3%9AltimoMinuto?src=hash&amp;ref_src=twsrc%5Etfw\">#\u00daltimoMinuto<\/a> <br>La emisi\u00f3n de una convocatoria para una asamblea del Partido <a href=\"https:\/\/twitter.com\/hashtag\/Morena?src=hash&amp;ref_src=twsrc%5Etfw\">#Morena<\/a> este domingo, gener\u00f3 inconformidades en uno de los grupos partidistas, encabezados por Rosendo Serrano Toledo y Rey Morales S\u00e1nchez, quienes dieron su postura hoy: <a href=\"https:\/\/t.co\/2nE8Z58FWL\">pic.twitter.com\/2nE8Z58FWL<\/a><\/p>&mdash; Zona Roja Oaxaca (@MexRoja) <a href=\"https:\/\/twitter.com\/MexRoja\/status\/1277285218869579778?ref_src=twsrc%5Etfw\">28 de junio de 2020<\/a><\/blockquote><\/div>\n<\/div><\/figure>\n\n\n\n<p>\u201cNecesitamos\nde una encuesta nacional para que tengamos dirigencia nacional, una encuesta\nestatal para que tengamos dirigencia estatal, pero lo primordial en esta\ndefinici\u00f3n es de orden nacional; llamamos a Ram\u00edrez Cu\u00e9llar para que convoque a\nencuesta\u201d, sostuvo en conferencia de prensa.<\/p>\n\n\n\n<p>Con\nfecha 21 de julio (sic), la diputada federal Irma Juan Carlos, y actual\npresidenta del Consejo Estatal de Morena, emiti\u00f3 una circular para convocar a la\noctava sesi\u00f3n extraordinaria del Consejo Estatal, este domingo, que luego fue\ncancelada y se dijo que se har\u00eda de manera virtual.<\/p>\n\n\n\n<p>Ante\nello, diversos sectores, sin dar su nombre, se pronunciaron en rechazo a ello:<\/p>\n\n\n\n<p>\u201cSe\u00f1alamos\nque en esta convocatoria se sugiere la \u201cAprobaci\u00f3n&nbsp; de la convocatoria al Primer&nbsp; Congreso Estatal Extraordinario de Morena en\nOaxaca\u201d, algo que es totalmente ilegal, ya que no corresponde estatutariamente\nal Consejo Estatal emitir la convocatoria para celebrar un Congreso Estatal\u201d,\nexpusieron.<\/p>\n","protected":false},"excerpt":{"rendered":"<p>Ismael Garc\u00eda M. Oaxaca de Ju\u00e1rez, Oax., 28 de junio de 2020.- Una veintena de&hellip;<\/p>\n","protected":false},"author":2,"featured_media":14374,"comment_status":"closed","ping_status":"open","sticky":false,"template":"","format":"standard","meta":{"_lmt_disableupdate":"","_lmt_disable":"","_jetpack_memberships_contains_paid_content":false,"footnotes":""},"categories":[109,47],"tags":[871,1801],"class_list":["post-14373","post","type-post","status-publish","format-standard","has-post-thumbnail","hentry","category-minuto-a-minuto","category-zona-gris","tag-partido-morena-oaxaca","tag-rosendo-serrano-toledo"],"jetpack_featured_media_url":"https:\/\/zonaroja.com.mx\/wp-content\/uploads\/2020\/06\/Conferencia-Morena.png","jetpack_sharing_enabled":true,"_links":{"self":[{"href":"https:\/\/zonaroja.com.mx\/index.php?rest_route=\/wp\/v2\/posts\/14373","targetHints":{"allow":["GET"]}}],"collection":[{"href":"https:\/\/zonaroja.com.mx\/index.php?rest_route=\/wp\/v2\/posts"}],"about":[{"href":"https:\/\/zonaroja.com.mx\/index.php?rest_route=\/wp\/v2\/types\/post"}],"author":[{"embeddable":true,"href":"https:\/\/zonaroja.com.mx\/index.php?rest_route=\/wp\/v2\/users\/2"}],"replies":[{"embeddable":true,"href":"https:\/\/zonaroja.com.mx\/index.php?rest_route=%2Fwp%2Fv2%2Fcomments&post=14373"}],"version-history":[{"count":1,"href":"https:\/\/zonaroja.com.mx\/index.php?rest_route=\/wp\/v2\/posts\/14373\/revisions"}],"predecessor-version":[{"id":14375,"href":"https:\/\/zonaroja.com.mx\/index.php?rest_route=\/wp\/v2\/posts\/14373\/revisions\/14375"}],"wp:featuredmedia":[{"embeddable":true,"href":"https:\/\/zonaroja.com.mx\/index.php?rest_route=\/wp\/v2\/media\/14374"}],"wp:attachment":[{"href":"https:\/\/zonaroja.com.mx\/index.php?rest_route=%2Fwp%2Fv2%2Fmedia&parent=14373"}],"wp:term":[{"taxonomy":"category","embeddable":true,"href":"https:\/\/zonaroja.com.mx\/index.php?rest_route=%2Fwp%2Fv2%2Fcategories&post=14373"},{"taxonomy":"post_tag","embeddable":true,"href":"https:\/\/zonaroja.com.mx\/index.php?rest_route=%2Fwp%2Fv2%2Ftags&post=14373"}],"curies":[{"name":"wp","href":"https:\/\/api.w.org\/{rel}","templated":true}]}}