{"id":14376,"date":"2020-06-28T15:50:32","date_gmt":"2020-06-28T20:50:32","guid":{"rendered":"http:\/\/www.zonaroja.com.mx\/?p=14376"},"modified":"2020-06-28T15:56:27","modified_gmt":"2020-06-28T20:56:27","slug":"habria-matado-a-pareja-de-empresarios-oaxaquenos-por-la-herencia","status":"publish","type":"post","link":"https:\/\/zonaroja.com.mx\/?p=14376","title":{"rendered":"Habr\u00eda matado a pareja de empresarios oaxaque\u00f1os por la herencia"},"content":{"rendered":"\n<p>Redacci\u00f3n\/Zona\nRoja.<\/p>\n\n\n\n<p>Oaxaca\nde Ju\u00e1rez, Oax., 28 de junio de 2020.- Medio a\u00f1o despu\u00e9s del doble homicidio de\nuna pareja de empresarios, la Fiscal\u00eda General del Estado de Oaxaca detuvo a\nuna probable responsable.<\/p>\n\n\n\n<p>El crimen de Pablo O. y Concepci\u00f3n F. M. se perpetr\u00f3 el 7 de diciembre de 2019 en un domicilio particular de la calle J. P. Garc\u00eda, Centro Hist\u00f3rico de la capital oaxaque\u00f1a y el viernes fue aprehendida Luc\u00eda S. C.<\/p>\n\n\n\n<p>Una\nde las l\u00edneas de investigaci\u00f3n que se indaga es la probable disputa de la\nherencia de los socios mayoritarios de la empresa camionera Fletes y Pasajes S.\nA. de C. V. (Fypsa).<\/p>\n\n\n\n<p>Luc\u00eda\nes esposa del primer hijo del matrimonio y fue detenida la noche del viernes en\ncumplimiento a la orden de aprehensi\u00f3n que el juez de Control de Tanivet del\ncircuito judicial de Valles Centrales, librada en su contra en la causa penal\n520\/2020 por el delito de homicidio en grado de coautor\u00eda.<\/p>\n\n\n\n<p>Tras\nser detenida, Luc\u00eda (esposa de Juan) fue llevada a audiencia durante la ma\u00f1ana\ndel s\u00e1bado, fue calificada de legal su detenci\u00f3n y por lo cual se le comunic\u00f3\nla imputaci\u00f3n y qued\u00f3 en prisi\u00f3n preventiva.<\/p>\n\n\n\n<p>Durante\nlas investigaciones establecieron que el m\u00f3vil del crimen podr\u00eda ser la\nherencia, ya que el empresario repartir\u00eda su herencia a todos sus hijos.<\/p>\n\n\n\n<p>El\ndoble homicidio ocurri\u00f3 la madrugada del domingo 8 de diciembre del a\u00f1o 2019 en\nel domicilio ubicado en la calle de J.P., Garc\u00eda, en el centro de la ciudad\ncapital.<\/p>\n\n\n\n<p>Una\nde las hijas de Pablo y Concepci\u00f3n arrib\u00f3 al domicilio, donde observ\u00f3 que sus\npadres se encontraban sin vida y hab\u00eda huellas de violencia.<\/p>\n\n\n\n<p>El\nempresario de Fletes y Pasajes y de Transportes Ortiz, presentaba impactos de\narma de fuego y al parecer trat\u00f3 de defenderse.<\/p>\n\n\n\n<p>El\ncad\u00e1ver de Juan O. fue hallado en su habitaci\u00f3n, sobre su cama y estaba vestido\ncon un pantal\u00f3n caf\u00e9 y camisa gris.<\/p>\n\n\n\n<p>En\ntanto que, el cad\u00e1ver de la octagenaria fue hallado en otra habitaci\u00f3n; yac\u00eda\nen el piso, boca abajo, tambi\u00e9n vestida con falda y blusa floreadas.<\/p>\n\n\n\n<p>Tras las investigaciones, los elementos polic\u00edacos lograron establecer que presuntamente Luc\u00eda fue quien contrat\u00f3 a otras personas para consumar el crimen.<\/p>\n\n\n\n<p>De acuerdo con la Fiscal\u00eda General del Estado, Luc\u00eda S. C. solicit\u00f3 ampliaci\u00f3n del t\u00e9rmino constitucional, que fenece el 2 de julio, en tanto se le impuso la medida cautelar de presi\u00f3n preventiva. <\/p>\n","protected":false},"excerpt":{"rendered":"<p>Redacci\u00f3n\/Zona Roja. Oaxaca de Ju\u00e1rez, Oax., 28 de junio de 2020.- Medio a\u00f1o despu\u00e9s del&hellip;<\/p>\n","protected":false},"author":2,"featured_media":14377,"comment_status":"closed","ping_status":"open","sticky":false,"template":"","format":"standard","meta":{"_lmt_disableupdate":"","_lmt_disable":"","_jetpack_memberships_contains_paid_content":false,"footnotes":""},"categories":[109,47],"tags":[],"class_list":["post-14376","post","type-post","status-publish","format-standard","has-post-thumbnail","hentry","category-minuto-a-minuto","category-zona-gris"],"jetpack_featured_media_url":"https:\/\/zonaroja.com.mx\/wp-content\/uploads\/2020\/06\/Luc\u00eda-S.-C..jpg","jetpack_sharing_enabled":true,"_links":{"self":[{"href":"https:\/\/zonaroja.com.mx\/index.php?rest_route=\/wp\/v2\/posts\/14376","targetHints":{"allow":["GET"]}}],"collection":[{"href":"https:\/\/zonaroja.com.mx\/index.php?rest_route=\/wp\/v2\/posts"}],"about":[{"href":"https:\/\/zonaroja.com.mx\/index.php?rest_route=\/wp\/v2\/types\/post"}],"author":[{"embeddable":true,"href":"https:\/\/zonaroja.com.mx\/index.php?rest_route=\/wp\/v2\/users\/2"}],"replies":[{"embeddable":true,"href":"https:\/\/zonaroja.com.mx\/index.php?rest_route=%2Fwp%2Fv2%2Fcomments&post=14376"}],"version-history":[{"count":2,"href":"https:\/\/zonaroja.com.mx\/index.php?rest_route=\/wp\/v2\/posts\/14376\/revisions"}],"predecessor-version":[{"id":14379,"href":"https:\/\/zonaroja.com.mx\/index.php?rest_route=\/wp\/v2\/posts\/14376\/revisions\/14379"}],"wp:featuredmedia":[{"embeddable":true,"href":"https:\/\/zonaroja.com.mx\/index.php?rest_route=\/wp\/v2\/media\/14377"}],"wp:attachment":[{"href":"https:\/\/zonaroja.com.mx\/index.php?rest_route=%2Fwp%2Fv2%2Fmedia&parent=14376"}],"wp:term":[{"taxonomy":"category","embeddable":true,"href":"https:\/\/zonaroja.com.mx\/index.php?rest_route=%2Fwp%2Fv2%2Fcategories&post=14376"},{"taxonomy":"post_tag","embeddable":true,"href":"https:\/\/zonaroja.com.mx\/index.php?rest_route=%2Fwp%2Fv2%2Ftags&post=14376"}],"curies":[{"name":"wp","href":"https:\/\/api.w.org\/{rel}","templated":true}]}}