{"id":14380,"date":"2020-06-28T19:10:23","date_gmt":"2020-06-29T00:10:23","guid":{"rendered":"http:\/\/www.zonaroja.com.mx\/?p=14380"},"modified":"2020-06-28T19:10:26","modified_gmt":"2020-06-29T00:10:26","slug":"libres-madre-hermana-y-prima-de-el-marro-por-falta-de-pruebas","status":"publish","type":"post","link":"https:\/\/zonaroja.com.mx\/?p=14380","title":{"rendered":"Libres, madre, hermana y prima de \u201cEl Marro\u201d, por falta de pruebas"},"content":{"rendered":"\n<p>Redacci\u00f3n\/Zona\nRoja Cdmx.<\/p>\n\n\n\n<p>Ciudad\nde M\u00e9xico, 28 de junio de 2020.- La madre, hermana y prima de Jos\u00e9 Antonio\nYepez, alias \u201cEl Marro\u201d, quedaron en libertad este fin de semana, por falta de\npruebas.<\/p>\n\n\n\n<p>El\npasado 20 de junio, fuerzas estatales y federales, incluyendo el Ej\u00e9rcito Mexicano,\nefectuaron un operativo en Celaya, Guanajuato, en contra de integrantes del C\u00e1rtel\nde Santa Rosa de Lima.<\/p>\n\n\n\n<p>Como\nresultado de ello, fueron detenidas 31 personas, al momento en que\nsupuestamente pagaban el sueldo de quienes est\u00e1n al servicio de ese grupo\ncriminal.<\/p>\n\n\n\n<p>Entre\nellos estaban Mar\u00eda Eva Ortiz, madre del l\u00edder del C\u00e1rtel, as\u00ed como Rosalba N, su\nprima y Juana N, su hermana. <\/p>\n\n\n\n<p>Tres\nd\u00edas despu\u00e9s de la captura, 26 de ellos salieron libres, los familiares ayer y\nel resto, Jes\u00fas N y Marlene N, podr\u00edan dejar la prisi\u00f3n en menos de 24 horas.<\/p>\n\n\n\n<p>La\naudiencia de Mar\u00eda Eva y otros cuatro operadores del C\u00e1rtel de Santa Rosa de\nLima que se llev\u00f3 a cabo este s\u00e1bado fue pospuesta.<\/p>\n\n\n\n<p>La\nmisma se prolong\u00f3 debido a que la Fiscal\u00eda General del Estado debi\u00f3 presentar a\nun perito que era clave para investigaci\u00f3n, sin embargo, este no lleg\u00f3 porque\nse encontraba en una capacitaci\u00f3n en San Luis Potos\u00ed, refieren informaciones\nlocales.<\/p>\n\n\n\n<p>Por\notra parte, el pasado viernes, un juez liber\u00f3 a Rodolfo Y\u00e9pez, padre de Jos\u00e9\nAntonio Y\u00e9pez Ortiz, detenido el pasado 6 de marzo por la Guardia Nacional y\nlas Fuerzas de Seguridad P\u00fablica del estado mientras conduc\u00eda un carro robado\npor las calles de Celaya.<\/p>\n\n\n\n<p>El\nabogado de Y\u00e9pez Ortiz confirm\u00f3 que su cliente abandon\u00f3 la prisi\u00f3n despu\u00e9s de\npagar una fianza de 10 mil pesos, pero el proceso penal contin\u00faa.<\/p>\n\n\n\n<p>(Con\ninformaci\u00f3n de agencias)<\/p>\n","protected":false},"excerpt":{"rendered":"<p>Redacci\u00f3n\/Zona Roja Cdmx. Ciudad de M\u00e9xico, 28 de junio de 2020.- La madre, hermana y&hellip;<\/p>\n","protected":false},"author":2,"featured_media":14094,"comment_status":"closed","ping_status":"open","sticky":false,"template":"","format":"standard","meta":{"_lmt_disableupdate":"","_lmt_disable":"","_jetpack_memberships_contains_paid_content":false,"footnotes":""},"categories":[109,51],"tags":[1780],"class_list":["post-14380","post","type-post","status-publish","format-standard","has-post-thumbnail","hentry","category-minuto-a-minuto","category-zona-roja","tag-jose-antonio-yepez-el-marro"],"jetpack_featured_media_url":"https:\/\/zonaroja.com.mx\/wp-content\/uploads\/2020\/06\/Detenidos-el-Marro.jpg","jetpack_sharing_enabled":true,"_links":{"self":[{"href":"https:\/\/zonaroja.com.mx\/index.php?rest_route=\/wp\/v2\/posts\/14380","targetHints":{"allow":["GET"]}}],"collection":[{"href":"https:\/\/zonaroja.com.mx\/index.php?rest_route=\/wp\/v2\/posts"}],"about":[{"href":"https:\/\/zonaroja.com.mx\/index.php?rest_route=\/wp\/v2\/types\/post"}],"author":[{"embeddable":true,"href":"https:\/\/zonaroja.com.mx\/index.php?rest_route=\/wp\/v2\/users\/2"}],"replies":[{"embeddable":true,"href":"https:\/\/zonaroja.com.mx\/index.php?rest_route=%2Fwp%2Fv2%2Fcomments&post=14380"}],"version-history":[{"count":1,"href":"https:\/\/zonaroja.com.mx\/index.php?rest_route=\/wp\/v2\/posts\/14380\/revisions"}],"predecessor-version":[{"id":14381,"href":"https:\/\/zonaroja.com.mx\/index.php?rest_route=\/wp\/v2\/posts\/14380\/revisions\/14381"}],"wp:featuredmedia":[{"embeddable":true,"href":"https:\/\/zonaroja.com.mx\/index.php?rest_route=\/wp\/v2\/media\/14094"}],"wp:attachment":[{"href":"https:\/\/zonaroja.com.mx\/index.php?rest_route=%2Fwp%2Fv2%2Fmedia&parent=14380"}],"wp:term":[{"taxonomy":"category","embeddable":true,"href":"https:\/\/zonaroja.com.mx\/index.php?rest_route=%2Fwp%2Fv2%2Fcategories&post=14380"},{"taxonomy":"post_tag","embeddable":true,"href":"https:\/\/zonaroja.com.mx\/index.php?rest_route=%2Fwp%2Fv2%2Ftags&post=14380"}],"curies":[{"name":"wp","href":"https:\/\/api.w.org\/{rel}","templated":true}]}}