{"id":14382,"date":"2020-06-29T08:00:32","date_gmt":"2020-06-29T13:00:32","guid":{"rendered":"http:\/\/www.zonaroja.com.mx\/?p=14382"},"modified":"2020-06-28T19:42:31","modified_gmt":"2020-06-29T00:42:31","slug":"rechazan-que-masacre-en-huazantlan-sea-por-conflicto-interno-o-electoral","status":"publish","type":"post","link":"https:\/\/zonaroja.com.mx\/?p=14382","title":{"rendered":"Rechazan que masacre en Huazantl\u00e1n sea por conflicto interno o electoral"},"content":{"rendered":"\n<p>Redacci\u00f3n\/Zona\nRoja.<\/p>\n\n\n\n<p>Oaxaca\nde Ju\u00e1rez, Oax., 29 de junio de 2020.- A ocho d\u00edas de la masacre de 15 personas\nen Huazantl\u00e1n del R\u00edo, agencia de San Mateo del Mar, a\u00fan no hay personas\ndetenidas.<\/p>\n\n\n\n<p>En\nese contexto, el equipo operativo de la Preparatoria Comunitaria \u201cJos\u00e9 Mart\u00ed\u201d,\ncon sede en San Francisco Ixhuat\u00e1n, emiti\u00f3 un pronunciamiento en que rechaz\u00f3\nque los hechos violentos hayan sucedido por conflictos internos o\nposelectorales.<\/p>\n\n\n\n<p>\u201cLa\nmasacre al pueblo Ikootjs de San Mateo del Mar no es un conflicto interno o\nposelectoral, como lo considera el Presidente Andr\u00e9s Manuel L\u00f3pez Obrador;\ntiene como base la negativa de las asambleas comunitarias a la implementaci\u00f3n\nde megaproyectos que actualmente se circunscribe al megaproyecto interoce\u00e1nico\ny saca a relucir los intereses de personas y grupos que quieren convertirse en\ncapataces ante esta nueva conquista\u201d, expuso.<\/p>\n\n\n\n<p>Indic\u00f3\nque la Uni\u00f3n de Agencias y Comunidades Ind\u00edgenas Ikootjs se\u00f1ala como\nresponsable, directamente, al presidente municipal Bernardino Ponce Hinojosa de\nSan Mateo del Mar y a su asesor Jorge Leoncio Arroyo Rodr\u00edguez. <\/p>\n\n\n\n<p>\u201cEs\nde saber que esta masacre tiene antecedentes y denuncias que no han sido\natendidas por los \u00f3rganos de gobierno correspondientes\u201d.<\/p>\n\n\n\n<p>Expuso\nque en defensa de la tierra y los pueblos ind\u00edgenas, el obispo Em\u00e9rito Arturo\nLona Reyes ha trabajado incansablemente por la defensa de los pueblos\noriginarios, por la educaci\u00f3n fundando colegios y por la construcci\u00f3n de la\npaz.<\/p>\n\n\n\n<p>\u201cEn\nla defensa de los pueblos ind\u00edgenas en un proceso asambleario de la di\u00f3cesis de\nTehuantepec se cre\u00f3 el Centro de Derechos Humanos Tepeyac del Istmo de\nTehuantepec dando acompa\u00f1amiento a comunidades y pueblos ind\u00edgenas de la regi\u00f3n\nen sus procesos de organizaci\u00f3n, formaci\u00f3n en derechos humanos y defensa de los\nderechos frente a las injusticias y a los procesos de despojo orquestados por\nel capital.<\/p>\n\n\n\n<p>\u201cLa\npresencia del Centro de Derechos Humanos Tepeyac resulta inc\u00f3modo para los\nintereses pol\u00edticos y econ\u00f3micos de quienes est\u00e1n a favor del despojo y en contra\nde sus comunidades, por ello ante la masacre de San Mateo del Mar; la\npresidencia municipal hace un se\u00f1alamiento sobre el equipo del Centro de\nDerechos Humanos Tepeyac, en particular del compa\u00f1ero Marcelino Nolasco Aquino.<\/p>\n\n\n\n<p>\u201cEl\ncompa\u00f1ero Marcelino Nolasco Aquino ha sido una persona que ha trabajado en la regi\u00f3n,\ndesde las comunidades eclesiales de base, y sobre todo en San Mateo del Mar,\ndurante d\u00e9cadas, en el Bachillerato Ikootjs y en muchas otras obras de\nbeneficio hacia las comunidades de la zona lagunar, principalmente en el\nacompa\u00f1amiento a los procesos de defensa de la vida y el territorio\u201d, manifest\u00f3.<\/p>\n\n\n\n<p>Conden\u00f3\nla masacre perpetrada en San Mateo del Mar y convoc\u00f3 a que se garantice el\nderecho a la vida de la zona Ikootjs y todos los pueblos ind\u00edgenas del pa\u00eds, \u201cquienes\nestamos siendo azotados por los proyectos de desarrollo sin la consulta ni la\ninformaci\u00f3n debidamente proporcionada, haciendo visible la discriminaci\u00f3n hacia\nnuestros pueblos\u201d.<\/p>\n","protected":false},"excerpt":{"rendered":"<p>Redacci\u00f3n\/Zona Roja. Oaxaca de Ju\u00e1rez, Oax., 29 de junio de 2020.- A ocho d\u00edas de&hellip;<\/p>\n","protected":false},"author":2,"featured_media":14383,"comment_status":"closed","ping_status":"open","sticky":false,"template":"","format":"standard","meta":{"_lmt_disableupdate":"","_lmt_disable":"","_jetpack_memberships_contains_paid_content":false,"footnotes":""},"categories":[109,47],"tags":[1656,605],"class_list":["post-14382","post","type-post","status-publish","format-standard","has-post-thumbnail","hentry","category-minuto-a-minuto","category-zona-gris","tag-huazantlan-del-rio","tag-san-mateo-del-mar"],"jetpack_featured_media_url":"https:\/\/zonaroja.com.mx\/wp-content\/uploads\/2020\/06\/Prepa-Jos\u00e9-Mart\u00ed.jpg","jetpack_sharing_enabled":true,"_links":{"self":[{"href":"https:\/\/zonaroja.com.mx\/index.php?rest_route=\/wp\/v2\/posts\/14382","targetHints":{"allow":["GET"]}}],"collection":[{"href":"https:\/\/zonaroja.com.mx\/index.php?rest_route=\/wp\/v2\/posts"}],"about":[{"href":"https:\/\/zonaroja.com.mx\/index.php?rest_route=\/wp\/v2\/types\/post"}],"author":[{"embeddable":true,"href":"https:\/\/zonaroja.com.mx\/index.php?rest_route=\/wp\/v2\/users\/2"}],"replies":[{"embeddable":true,"href":"https:\/\/zonaroja.com.mx\/index.php?rest_route=%2Fwp%2Fv2%2Fcomments&post=14382"}],"version-history":[{"count":1,"href":"https:\/\/zonaroja.com.mx\/index.php?rest_route=\/wp\/v2\/posts\/14382\/revisions"}],"predecessor-version":[{"id":14384,"href":"https:\/\/zonaroja.com.mx\/index.php?rest_route=\/wp\/v2\/posts\/14382\/revisions\/14384"}],"wp:featuredmedia":[{"embeddable":true,"href":"https:\/\/zonaroja.com.mx\/index.php?rest_route=\/wp\/v2\/media\/14383"}],"wp:attachment":[{"href":"https:\/\/zonaroja.com.mx\/index.php?rest_route=%2Fwp%2Fv2%2Fmedia&parent=14382"}],"wp:term":[{"taxonomy":"category","embeddable":true,"href":"https:\/\/zonaroja.com.mx\/index.php?rest_route=%2Fwp%2Fv2%2Fcategories&post=14382"},{"taxonomy":"post_tag","embeddable":true,"href":"https:\/\/zonaroja.com.mx\/index.php?rest_route=%2Fwp%2Fv2%2Ftags&post=14382"}],"curies":[{"name":"wp","href":"https:\/\/api.w.org\/{rel}","templated":true}]}}