{"id":14391,"date":"2020-06-28T21:29:50","date_gmt":"2020-06-29T02:29:50","guid":{"rendered":"http:\/\/www.zonaroja.com.mx\/?p=14391"},"modified":"2020-06-28T21:29:57","modified_gmt":"2020-06-29T02:29:57","slug":"clama-ayuda-san-andres-lovene-nadie-lo-ha-visitado-tras-sismo","status":"publish","type":"post","link":"https:\/\/zonaroja.com.mx\/?p=14391","title":{"rendered":"Clama ayuda San Andr\u00e9s Lovene; nadie lo ha visitado tras sismo"},"content":{"rendered":"\n<p>Redacci\u00f3n\/Zona\nRoja.<\/p>\n\n\n\n<p>Oaxaca\nde Ju\u00e1rez, Oax., 28 de junio de 2020.- San Andr\u00e9s Lovene es una agencia de San\nJuan Ozolotepec, alejada de la cabecera municipal y tan marginada y pobre como\ntoda la microrregi\u00f3n de los Ozolotepec, ahora azotada por el sismo de magnitud\n7.4.<\/p>\n\n\n\n<p>Sin\nembargo, debido a la distancia y a los da\u00f1os en los caminos, a seis d\u00edas, no ha\nrecibido la ayuda del gobierno federal y del estatal, de acuerdo con los\npobladores, que difundieron fotograf\u00edas de diversas casas afectadas por el\ntemblor.<\/p>\n\n\n\n<p>Un\nusuario de Facebook, Alex Ram\u00edrez Garc\u00eda, comparti\u00f3 el material fotogr\u00e1fico\npara exigir ayuda al gobierno, a fin de atender a la poblaci\u00f3n.<\/p>\n\n\n\n<p>\u201cLes\npido por favor que se solidaricen con toda esta gente que est\u00e1 afectada, pero\npido apoyo directamente para la comunidad de San Andr\u00e9s Lovene, que es una\ncomunidad que est\u00e1 muy lejana a la ciudad.<\/p>\n\n\n\n<p>\u201cPor lo tanto, nadie a volteado a ver ni han visitado la comunidad, y hay demasiados destrozos creo que las fotos hablan por s\u00ed solas, yo conozco la comunidad y a la gente ah\u00ed la mayor\u00eda de la poblaci\u00f3n son de escasos recursos y todos hablan en dialecto.<\/p>\n\n\n\n<figure class=\"wp-block-embed-twitter wp-block-embed is-type-rich is-provider-twitter\"><div class=\"wp-block-embed__wrapper\">\n<div class=\"twitter-tweet\"><blockquote class=\"twitter-tweet\" data-lang=\"es\"><p lang=\"es\" dir=\"ltr\"><a href=\"https:\/\/twitter.com\/hashtag\/SismoOaxaca?src=hash&amp;ref_src=twsrc%5Etfw\">#SismoOaxaca<\/a><br>San Andr\u00e9s <a href=\"https:\/\/twitter.com\/hashtag\/Lovene?src=hash&amp;ref_src=twsrc%5Etfw\">#Lovene<\/a> es otra comunidad de la Sierra Sur de <a href=\"https:\/\/twitter.com\/hashtag\/Oaxaca?src=hash&amp;ref_src=twsrc%5Etfw\">#Oaxaca<\/a> afectada por el sismo de magnitud 7.4 y que a seis d\u00edas de la tragedia, a\u00fan no recibe ayuda del <a href=\"https:\/\/twitter.com\/GobOax?ref_src=twsrc%5Etfw\">@GobOax<\/a>, seg\u00fan reportan los pobladores. <a href=\"https:\/\/t.co\/th3pxUgfIJ\">pic.twitter.com\/th3pxUgfIJ<\/a><\/p>&mdash; Zona Roja Oaxaca (@MexRoja) <a href=\"https:\/\/twitter.com\/MexRoja\/status\/1277309598488092672?ref_src=twsrc%5Etfw\">28 de junio de 2020<\/a><\/blockquote><\/div>\n<\/div><\/figure>\n\n\n\n<p>\u201cPor\nlo tanto personas locales de esta comunidad me compartieron la informaci\u00f3n para\npedir y solicitar apoyo, por eso a la medida que yo pueda estoy pidiendo por favor\nel apoyo a todos ustedes que puedan ver esta publicaci\u00f3n que se les ablande el\ncoraz\u00f3n y gusten apoyar con productos de primera necesidad, alimentos,\nproductos de higiene personal, cobijas, ropa abrigable en buen estado y todo lo\nque est\u00e9 a su alcance\u201d, expone.<\/p>\n\n\n\n<p>A\u00f1ade\nque la mayor\u00eda de la gente perdi\u00f3 sus casas y pone a su disposici\u00f3n un domiciio\nen San Jos\u00e9 Cieneguilla, as\u00ed como un n\u00famero telef\u00f3nico, 9341291301, a fin de\nestablecer contacto y apoyar a los damnificados.<\/p>\n\n\n\n<p>VISITAN\nSAN FRANCISCO<\/p>\n\n\n\n<p>Por otra parte, en un comunicado, el Gobierno del Estado inform\u00f3 que el mandatario Alejandro Murat Hinojosa visit\u00f3 las cabeceras de San Juan, San Francisco y Santo Domingo Ozolotepec, a fin de llevar apoyos, adem\u00e1s de supervisar la instalaci\u00f3n de un albergue.<\/p>\n\n\n\n<figure class=\"wp-block-image\"><img decoding=\"async\" width=\"1024\" height=\"768\" src=\"http:\/\/www.zonaroja.com.mx\/wp-content\/uploads\/2020\/06\/AMH-4-1024x768.jpeg\" alt=\"\" class=\"wp-image-14392\" srcset=\"https:\/\/zonaroja.com.mx\/wp-content\/uploads\/2020\/06\/AMH-4-1024x768.jpeg 1024w, https:\/\/zonaroja.com.mx\/wp-content\/uploads\/2020\/06\/AMH-4-300x225.jpeg 300w, https:\/\/zonaroja.com.mx\/wp-content\/uploads\/2020\/06\/AMH-4-768x576.jpeg 768w, https:\/\/zonaroja.com.mx\/wp-content\/uploads\/2020\/06\/AMH-4-1170x878.jpeg 1170w, https:\/\/zonaroja.com.mx\/wp-content\/uploads\/2020\/06\/AMH-4-585x439.jpeg 585w, https:\/\/zonaroja.com.mx\/wp-content\/uploads\/2020\/06\/AMH-4.jpeg 1280w\" sizes=\"(max-width: 1024px) 100vw, 1024px\" \/><\/figure>\n","protected":false},"excerpt":{"rendered":"<p>Redacci\u00f3n\/Zona Roja. Oaxaca de Ju\u00e1rez, Oax., 28 de junio de 2020.- San Andr\u00e9s Lovene es&hellip;<\/p>\n","protected":false},"author":2,"featured_media":14393,"comment_status":"closed","ping_status":"open","sticky":false,"template":"","format":"standard","meta":{"_lmt_disableupdate":"","_lmt_disable":"","_jetpack_memberships_contains_paid_content":false,"footnotes":""},"categories":[109,47],"tags":[1802,1782],"class_list":["post-14391","post","type-post","status-publish","format-standard","has-post-thumbnail","hentry","category-minuto-a-minuto","category-zona-gris","tag-san-andres-lovene","tag-sismo-oaxaca"],"jetpack_featured_media_url":"https:\/\/zonaroja.com.mx\/wp-content\/uploads\/2020\/06\/San-Andr\u00e9s-Lovene.jpg","jetpack_sharing_enabled":true,"_links":{"self":[{"href":"https:\/\/zonaroja.com.mx\/index.php?rest_route=\/wp\/v2\/posts\/14391","targetHints":{"allow":["GET"]}}],"collection":[{"href":"https:\/\/zonaroja.com.mx\/index.php?rest_route=\/wp\/v2\/posts"}],"about":[{"href":"https:\/\/zonaroja.com.mx\/index.php?rest_route=\/wp\/v2\/types\/post"}],"author":[{"embeddable":true,"href":"https:\/\/zonaroja.com.mx\/index.php?rest_route=\/wp\/v2\/users\/2"}],"replies":[{"embeddable":true,"href":"https:\/\/zonaroja.com.mx\/index.php?rest_route=%2Fwp%2Fv2%2Fcomments&post=14391"}],"version-history":[{"count":1,"href":"https:\/\/zonaroja.com.mx\/index.php?rest_route=\/wp\/v2\/posts\/14391\/revisions"}],"predecessor-version":[{"id":14394,"href":"https:\/\/zonaroja.com.mx\/index.php?rest_route=\/wp\/v2\/posts\/14391\/revisions\/14394"}],"wp:featuredmedia":[{"embeddable":true,"href":"https:\/\/zonaroja.com.mx\/index.php?rest_route=\/wp\/v2\/media\/14393"}],"wp:attachment":[{"href":"https:\/\/zonaroja.com.mx\/index.php?rest_route=%2Fwp%2Fv2%2Fmedia&parent=14391"}],"wp:term":[{"taxonomy":"category","embeddable":true,"href":"https:\/\/zonaroja.com.mx\/index.php?rest_route=%2Fwp%2Fv2%2Fcategories&post=14391"},{"taxonomy":"post_tag","embeddable":true,"href":"https:\/\/zonaroja.com.mx\/index.php?rest_route=%2Fwp%2Fv2%2Ftags&post=14391"}],"curies":[{"name":"wp","href":"https:\/\/api.w.org\/{rel}","templated":true}]}}