{"id":14395,"date":"2020-06-29T07:40:39","date_gmt":"2020-06-29T12:40:39","guid":{"rendered":"http:\/\/www.zonaroja.com.mx\/?p=14395"},"modified":"2020-06-29T07:40:44","modified_gmt":"2020-06-29T12:40:44","slug":"pese-a-semaforo-rojo-por-covid-oaxaca-iniciara-el-4-de-julio-nueva-normalidad","status":"publish","type":"post","link":"https:\/\/zonaroja.com.mx\/?p=14395","title":{"rendered":"Pese a sem\u00e1foro rojo por Covid, Oaxaca iniciar\u00e1 el 4 de julio \u201cnueva normalidad\u201d"},"content":{"rendered":"\n<p>Redacci\u00f3n\/Zona\nRoja.<\/p>\n\n\n\n<p>Oaxaca\nde Ju\u00e1rez, Oax., 29 de junio de 2020.- A pesar de que Oaxaca contin\u00faa esta\nsemana en sem\u00e1foro rojo, por el alto n\u00famero de casos de Covid-19, el gobierno\nde Oaxaca prev\u00e9 iniciar el 4 de julio la transici\u00f3n a la \u201cnueva normalidad\u201d.<\/p>\n\n\n\n<p>En\nun video desde San Juan Ozolotepec, el gobernador Alejandro Murat inform\u00f3 que el\nmi\u00e9rcoles 1 de julio, las secretar\u00edas de Econom\u00eda y de Turismo evaluar\u00e1n las\ncertificaciones de todos los establecimientos comerciales en la entidad.<\/p>\n\n\n\n<p>Ello\n\u201cpara que a partir del s\u00e1bado 4 de julio, se pueda iniciar la transici\u00f3n a la\nnueva normalidad. Esto \u2013dijo- se realizar\u00e1 de manera gradual, en un 10% cada\nsemana\u201d, se inform\u00f3 en un comunicado de prensa.<\/p>\n\n\n\n<p>Reconoci\u00f3\nque de acuerdo con el Consejo de Salubridad, Oaxaca contin\u00faa en sem\u00e1foro rojo\nque corresponde al m\u00e1s alto nivel de riesgo.<\/p>\n\n\n\n<p>Por\nello, hizo un llamado a los oaxaque\u00f1os, para continuar resguardados en casa y s\u00f3lo\nsalir para realizar actividades esenciales, con las medidas de prevenci\u00f3n que\nincluyen la sana distancia y uso de cubrebocas.<\/p>\n\n\n\n<p>De\nacuerdo con los Servicios de Salud de Oaxaca, la entidad oaxaque\u00f1a registra\ncinco mil 081 casos acumulados, de los cuales a la fecha se encuentran activos\n615, en 100 municipios. Tambi\u00e9n se tiene un registro de 569 muertes desde el\ninici\u00f3 de esta emergencia sanitaria.<\/p>\n","protected":false},"excerpt":{"rendered":"<p>Redacci\u00f3n\/Zona Roja. Oaxaca de Ju\u00e1rez, Oax., 29 de junio de 2020.- A pesar de que&hellip;<\/p>\n","protected":false},"author":2,"featured_media":14396,"comment_status":"closed","ping_status":"open","sticky":false,"template":"","format":"standard","meta":{"_lmt_disableupdate":"","_lmt_disable":"","_jetpack_memberships_contains_paid_content":false,"footnotes":""},"categories":[109,47],"tags":[1512],"class_list":["post-14395","post","type-post","status-publish","format-standard","has-post-thumbnail","hentry","category-minuto-a-minuto","category-zona-gris","tag-coronavirus-oaxaca"],"jetpack_featured_media_url":"https:\/\/zonaroja.com.mx\/wp-content\/uploads\/2020\/06\/Covid-Oaxaca.png","jetpack_sharing_enabled":true,"_links":{"self":[{"href":"https:\/\/zonaroja.com.mx\/index.php?rest_route=\/wp\/v2\/posts\/14395","targetHints":{"allow":["GET"]}}],"collection":[{"href":"https:\/\/zonaroja.com.mx\/index.php?rest_route=\/wp\/v2\/posts"}],"about":[{"href":"https:\/\/zonaroja.com.mx\/index.php?rest_route=\/wp\/v2\/types\/post"}],"author":[{"embeddable":true,"href":"https:\/\/zonaroja.com.mx\/index.php?rest_route=\/wp\/v2\/users\/2"}],"replies":[{"embeddable":true,"href":"https:\/\/zonaroja.com.mx\/index.php?rest_route=%2Fwp%2Fv2%2Fcomments&post=14395"}],"version-history":[{"count":1,"href":"https:\/\/zonaroja.com.mx\/index.php?rest_route=\/wp\/v2\/posts\/14395\/revisions"}],"predecessor-version":[{"id":14397,"href":"https:\/\/zonaroja.com.mx\/index.php?rest_route=\/wp\/v2\/posts\/14395\/revisions\/14397"}],"wp:featuredmedia":[{"embeddable":true,"href":"https:\/\/zonaroja.com.mx\/index.php?rest_route=\/wp\/v2\/media\/14396"}],"wp:attachment":[{"href":"https:\/\/zonaroja.com.mx\/index.php?rest_route=%2Fwp%2Fv2%2Fmedia&parent=14395"}],"wp:term":[{"taxonomy":"category","embeddable":true,"href":"https:\/\/zonaroja.com.mx\/index.php?rest_route=%2Fwp%2Fv2%2Fcategories&post=14395"},{"taxonomy":"post_tag","embeddable":true,"href":"https:\/\/zonaroja.com.mx\/index.php?rest_route=%2Fwp%2Fv2%2Ftags&post=14395"}],"curies":[{"name":"wp","href":"https:\/\/api.w.org\/{rel}","templated":true}]}}