{"id":14398,"date":"2020-06-29T08:13:57","date_gmt":"2020-06-29T13:13:57","guid":{"rendered":"http:\/\/www.zonaroja.com.mx\/?p=14398"},"modified":"2020-06-29T09:53:34","modified_gmt":"2020-06-29T14:53:34","slug":"medio-sexenio-de-masacres-dejan-60-muertos-y-estela-de-impunidad","status":"publish","type":"post","link":"https:\/\/zonaroja.com.mx\/?p=14398","title":{"rendered":"Medio sexenio de masacres dejan 60 muertos\u2026 y estela de impunidad"},"content":{"rendered":"\n<p>Ismael\nGarc\u00eda M.\/Zona Roja.<\/p>\n\n\n\n<p>Oaxaca\nde Ju\u00e1rez, Oax., 28 de junio de 2020.- A Alejandro Murat Hinojosa lo persiguen\nlas tragedias de todo tipo. <\/p>\n\n\n\n<p>Fuertes\nlluvias en 2017, con graves da\u00f1os a diversas regiones, entre ellas la Sierra\nSur; dos sismos de gran magnitud en septiembre de 2017 y otro febrero de 2018;\npandemia de Covid que devasta la econom\u00eda y la salud de la gente, este a\u00f1o, y\nde nuevo un terremoto este junio.<\/p>\n\n\n\n<p>Imponderables\nde la naturaleza que, por supuesto, nadie puede prever; a\u00fan si hubiera un amplio\nprograma de prevenci\u00f3n y mitigaci\u00f3n de riesgos, la naturaleza seguir\u00eda\nimplacable.<\/p>\n\n\n\n<p>Sin\nembargo, hay tragedias que s\u00ed se pueden evitar, y en ellas no ha habido mucha\natenci\u00f3n. Lustros, d\u00e9cadas, siglos de olvido, pobreza, marginaci\u00f3n y lucha por\nla tierra, a sangre y fuego. Pocos avances hubo en los dos sexenios anteriores,\ntambi\u00e9n manchados de delitos.<\/p>\n\n\n\n<p>DISPUTAS\nVIOLENTAS<\/p>\n\n\n\n<p>Pero\nen los \u00faltimos tres a\u00f1os y medio en Oaxaca, de manera particular, las masacres por\ndisputa de tierra o conflictos internos entre las comunidades, se han acentuado\ny poco se ha hecho.<\/p>\n\n\n\n<p>Es\ncierto, en su gran mayor\u00eda la soluci\u00f3n depende de las autoridades agrarias\nfederales; es cierto, se ha hecho labor en conciliaci\u00f3n, en este caso a trav\u00e9s\nde la Secretar\u00eda General de Gobierno, aunque al parecer insuficientes.<\/p>\n\n\n\n<p>Pero\ntambi\u00e9n ha habido fallas que acrecientan las tragedias, como la impunidad que\nproh\u00edja la Fiscal\u00eda General del Estado, al tener pocos o nulos avances en la\nmayor\u00eda de los casos.<\/p>\n\n\n\n<p>De\nenero de 2017 a la fecha, seg\u00fan un recuento de la reportera de ZONA ROJA,\nYuridiana Sosa, al menos 60 personas, entre ellas elementos de la Polic\u00eda\nEstatal, han sido asesinadas por problemas internos en las comunidades de\nOaxaca, desde l\u00edos agrarios a control pol\u00edtico, as\u00ed como cerca de medio\ncentenar de heridos, desaparecidos y despojo o quemas de viviendas u otras\npropiedades.<\/p>\n\n\n\n<p>La cifra corresponde a un somero recuento hemerogr\u00e1fico, sobre una serie de hechos registrados y denunciados por los habitantes de las poblaciones, en su mayor\u00eda ind\u00edgenas o regidos por Sistemas Normativos Internos, en las distintas regiones del estado.<\/p>\n\n\n\n<p>Son\nenfrentamientos con usos de armas de fuego, a palos, machetes, piedras, hasta\nquema de cuerpos, viviendas, veh\u00edculos, as\u00ed como amenazas y hostigamiento.<\/p>\n\n\n\n<p>El hecho violento m\u00e1s reciente &#8211;y de mayores proporciones&#8211; se registr\u00f3 en San Mateo del Mar, en la regi\u00f3n del Istmo, donde 15 personas fueron masacradas el pasado 21 y 22 de junio, presuntamente por parte de un grupo dirigido por el agente de Huazantl\u00e1n del R\u00edo. Las personas fueron quemadas, lapidadas, golpeadas y agredidas por disparos de armas de fuego.<\/p>\n\n\n\n<p>A\npesar de que hay nombres y apellidos de probables agresores o autores\nmateriales e intelectuales, a ocho d\u00edas de la cruel masacre, no hay personas\ndetenidas; tampoco por el crimen perpetrado el 3 de mayo, tambi\u00e9n a una persona\nde Huazantl\u00e1n, mucho menos contra quienes agredieron a pobladores y quemaron\nveh\u00edculos en esa fecha.<\/p>\n\n\n\n<p>Por\nesos hechos, la Fiscal\u00eda General inici\u00f3 la carpeta de investigaci\u00f3n\n14516\/FIST\/SALINA\/2020 por el delito de homicidio calificado y la carpeta\n14495\/FIST\/SALINA\/2020 por el delito de lesiones, da\u00f1os y privaci\u00f3n ilegal de\nla libertad contra un masculino.<\/p>\n\n\n\n<p>INICIA\nCON PIE IZQUIERDO<\/p>\n\n\n\n<p>Apenas\ncomenzaba el sexenio de Murat Hinojosa, en diciembre de 2016, cuando a inicios\nde enero de 2017 se registr\u00f3 un enfrentamiento entre habitantes de la agencia\nGuadalupe Victoria y autoridades de la cabecera municipal de San Juan Juquila\nMixe. El hecho dej\u00f3 a un elemento de la Polic\u00eda comunitaria fallecido y cuatro\nhabitantes heridos.<\/p>\n\n\n\n<p>El\nconflicto deriv\u00f3 de la convocatoria a elecciones en la cabecera municipal para\nel 2 de octubre por el r\u00e9gimen de Sistemas Normativos Internos, pero las\nagencias no fueron tomadas en cuenta, y ante las manifestaciones se orden\u00f3\nreponer el proceso el 28 de diciembre, el cual se realiz\u00f3 de forma irregular,\ndenunciaron.<\/p>\n\n\n\n<p>En\nabril de ese a\u00f1o, otro conflicto en la Sierra Sur entre habitantes de San Pedro\nM\u00e1rtir Quiechapa y Santiago Lachiv\u00eda, del municipio de San Carlos Yautepec, por\nla disputa de tierras result\u00f3 con el saldo de cinco personas muertas y 14 de\nheridos.<\/p>\n\n\n\n<p>A\u00d1O\nDIF\u00cdCIL<\/p>\n\n\n\n<p>Las\ncircunstancias para el segundo a\u00f1o de mandato no variaron y en febrero del 2018\nun ni\u00f1o de 10 a\u00f1os de edad muri\u00f3 y dos personas m\u00e1s resultaron heridas por el\nataque armado en la Sierra Sur por un conflicto agrario entre habitantes de\nRancho Viejo, Sola de Vega y San Vicente Coatl\u00e1n.<\/p>\n\n\n\n<p>Esta\ndisputa presenta una antig\u00fcedad de hace 45 a\u00f1os por 19 mil 597 hect\u00e1reas, y por\nla que tambi\u00e9n se registraron ataque en abril de 2015, con saldo de dos muertos\ny un herido, y en junio de 2012, seis muertos y 11 heridos de San Vicente\nCoatl\u00e1n.<\/p>\n\n\n\n<p>El\npasado 18 de marzo de 2018 otro enfrentamiento entre San Vicente Coatl\u00e1n y Sola\nde Vega result\u00f3 en la p\u00e9rdida de una vida humana y da\u00f1os al menos 10 casas\nincendiadas.<\/p>\n\n\n\n<p>Para\njulio de ese a\u00f1o se registr\u00f3 otra masacre. La emboscada por parte de pobladores\nde San Lucas Ixcotepec contra sus vecinos de Santa Mar\u00eda Ecatepec, en la Sierra\nSur, dej\u00f3 13 muertos y dos heridos, as\u00ed como desaparecidos.<\/p>\n\n\n\n<p>La\nagresi\u00f3n nuevamente se registr\u00f3 bajo un contexto de l\u00edos agrarios de varios\na\u00f1os por mil 660 hect\u00e1reas en zona lim\u00edtrofe.<\/p>\n\n\n\n<p>As\u00ed\nmismo, el 1 de julio de ese a\u00f1o se registr\u00f3 un enfrentamiento en la comunidad\nde Santiago Amoltepec, con el saldo de dos fallecidos y tres heridos, situaci\u00f3n\nrelacionada con la jornada electoral.<\/p>\n\n\n\n<p>DESPOJO\nY ELEMENTOS MASACRADOS<\/p>\n\n\n\n<p>Durante\nel 2019 se registraron al menos seis hechos violentos que dej\u00f3 como saldo el\nasesinato de una decena de fallecidos, cinco de ellas Polic\u00edas Estatales.<\/p>\n\n\n\n<p>Al\ncomienzo de a\u00f1o, en enero, pobladores de la agencia Santos Reyes\nZochiquilazala, municipio de Santiago Juxtlahuaca, y habitantes del municipio\nde San Mart\u00edn Peras protagonizaron un enfrentamiento que dej\u00f3 tres muertos y\ntres heridos, inform\u00f3 en un comunicado la Fiscal\u00eda General del Estado (FGE).<\/p>\n\n\n\n<p>En\nmarzo, otro l\u00edo agrario revivi\u00f3 entre habitantes de San Juan Jaltepec del\nmunicipio de Santiago Yaveo y sus vecinos de Nuevo San Antonio, de San Juan\nLalana, en la regi\u00f3n del Bajo Mixe, con un saldo preliminar de tres muertos, un\nherido y seis personas desaparecidas.<\/p>\n\n\n\n<p>El\n25 de junio se registr\u00f3 la masacre de cinco personas, justo en pleno proceso\nelectoral, integrantes del Partido Morena, entre ellos un aspirante a diputado\nlocal; todo sigue impune. Un d\u00eda despu\u00e9s fue emboscado el ex edil de San Pedro\nPochutla, Raymundo Carmona, hecho que dej\u00f3 una persona fallecida, tambi\u00e9n por\nl\u00edos electorales.<\/p>\n\n\n\n<p>El\n10 de septiembre se registr\u00f3 una agresi\u00f3n entre San Miguel Quetzaltepec y San\nJuan Bosco Chuxnab\u00e1n, con un saldo de dos personas fallecidas y tres lesionadas\na balazos. Los hechos violentos derivaron de un conflicto agrario entre\npobladores de ambas comunidades, apuntaron autoridades estatales.<\/p>\n\n\n\n<p>Pero\nlos pobladores de la agencia de Chuxnab\u00e1n denunciaron que el problema no es\nagrario, sino internos por la aplicaci\u00f3n de recursos, pues la cabecera\nmunicipal se niega a entregarles recursos presupuestales que les corresponden.<\/p>\n\n\n\n<p>Tras\nesos hechos, los habitantes dieron a conocer que en julio tambi\u00e9n se registr\u00f3\nun ataque donde murieron tres personas y tres m\u00e1s heridas, mientras que, en\n2018, cuatro m\u00e1s, por parte de San Juan Bosco Chuxnab\u00e1n, hab\u00edan perdido la\nvida.<\/p>\n\n\n\n<p>El\n9 de noviembre, cinco elementos de la Polic\u00eda Estatal murieron y dos m\u00e1s\nresultaron heridos durante una emboscada en San Vicente Coatl\u00e1n, en la regi\u00f3n\nde los Valles Centrales, cuando realizaban rondines de vigilancia a bordo de\ndos patrullas en el paraje denominado La Cementara. Ah\u00ed, presuntos habitantes\ndetonaron armas de fuego contra los uniformados.<\/p>\n\n\n\n<p>Mientras\nque el 19 de noviembre, se registr\u00f3 el desalojo violento a un centenar de\nfamilias en parajes \u201cLoma del Qu\u00edo\u201d, \u201cEl Coquito\u201d y \u201cLos Mangales\u201d, de Santa\nCruz Xoxocotl\u00e1n, con el saldo de una persona muerta y quema de viviendas.<\/p>\n\n\n\n<p>Por\nesos hechos, la Fiscal\u00eda General inici\u00f3 la carpeta de investigaci\u00f3n\n40135\/FDAI\/UEIH\/2019 contra quien o quienes resulten responsables por el delito\nde homicidio calificado en agravio de una persona del sexo masculino durante,\nlo que denomin\u00f3, un enfrentamiento.<\/p>\n\n\n\n<p>\u00bfY\nLA JUSTICIA?<\/p>\n\n\n\n<p>Este\nes un recuento somero y la lista podr\u00eda ser m\u00e1s grande. Sin embargo, es mayor\nla impunidad en la resoluci\u00f3n de casos.<\/p>\n\n\n\n<p>Quejas van y quejas viene; conferencias, declaraciones, exigencias, sin que eso cambie la actitud del actual titular de la Fiscal\u00eda General, Rub\u00e9n Vasconcelos M\u00e9ndez, que a finales de mayo cumpli\u00f3 tres a\u00f1os en el cargo.<\/p>\n\n\n\n<p>Por\nel contrario, al responsable de la procuraci\u00f3n de justicia le interesa m\u00e1s la\npromoci\u00f3n pol\u00edtica de su imagen, tan maltrecha por todos los medios y flancos,\ny alianzas con organizaciones sociales, para lo cual cre\u00f3 un \u00e1rea en\nespec\u00edfico. <\/p>\n\n\n\n<p>Apenas\nel s\u00e1bado 20 de junio &#8211;un d\u00eda antes de la masacre en San Mateo del Mar-, pese\na las medidas de sana distancia, efectu\u00f3 un acto proselitista en La\nExperimental, San Antonio de la Cal, al colocar anuncios de la Fiscal\u00eda en\nmedallones de taxis de la capital.<\/p>\n\n\n\n<p>Medida\ntard\u00eda, para anunciar la forma en que se puede denunciar un delito, pues la\npandemia lleva tres meses en la entidad; medida que podr\u00eda violar la Ley de\nMovilidad del Estado de Oaxaca, que ha pugnado por quitar anuncios y letreros\nque empa\u00f1an la visibilidad en las unidades de alquiler.<\/p>\n\n\n\n<p>El\npasado fin de semana, el presidente de la Junta de Coordinaci\u00f3n Pol\u00edtica del\nCongreso local, Horacio Sosa Villavicencio, exigi\u00f3 por en\u00e9sima ocasi\u00f3n la\nrenuncia de Vasconcelos M\u00e9ndez, por ineficaz.<\/p>\n\n\n\n<p>El\ngobierno de Alejandro Murat tiene muchos talones de Aquiles, pero uno que ya no\naguanta caminar, por tantos tropiezos y nulos resultados, y es la Fiscal\u00eda; a\u00fan\ncuando el \u00e1rea de Comunicaci\u00f3n Social, sin respetar la autonom\u00eda del \u00f3rgano,\ndifunde cotidianamente los comunicados. \u00bfSoportar\u00e1n los Murat otros dos a\u00f1os y\nmedio de negligencias y fallas en procuraci\u00f3n de justicia?<\/p>\n","protected":false},"excerpt":{"rendered":"<p>Ismael Garc\u00eda M.\/Zona Roja. Oaxaca de Ju\u00e1rez, Oax., 28 de junio de 2020.- A Alejandro&hellip;<\/p>\n","protected":false},"author":2,"featured_media":7610,"comment_status":"closed","ping_status":"open","sticky":false,"template":"","format":"standard","meta":{"_lmt_disableupdate":"","_lmt_disable":"","_jetpack_memberships_contains_paid_content":false,"footnotes":""},"categories":[456,109,48],"tags":[1353],"class_list":["post-14398","post","type-post","status-publish","format-standard","has-post-thumbnail","hentry","category-columna","category-minuto-a-minuto","category-zona-critica","tag-opinion-zona-critica"],"jetpack_featured_media_url":"https:\/\/zonaroja.com.mx\/wp-content\/uploads\/2020\/01\/Opini\u00f3n-Zona-Cr\u00edtica.jpg","jetpack_sharing_enabled":true,"_links":{"self":[{"href":"https:\/\/zonaroja.com.mx\/index.php?rest_route=\/wp\/v2\/posts\/14398","targetHints":{"allow":["GET"]}}],"collection":[{"href":"https:\/\/zonaroja.com.mx\/index.php?rest_route=\/wp\/v2\/posts"}],"about":[{"href":"https:\/\/zonaroja.com.mx\/index.php?rest_route=\/wp\/v2\/types\/post"}],"author":[{"embeddable":true,"href":"https:\/\/zonaroja.com.mx\/index.php?rest_route=\/wp\/v2\/users\/2"}],"replies":[{"embeddable":true,"href":"https:\/\/zonaroja.com.mx\/index.php?rest_route=%2Fwp%2Fv2%2Fcomments&post=14398"}],"version-history":[{"count":4,"href":"https:\/\/zonaroja.com.mx\/index.php?rest_route=\/wp\/v2\/posts\/14398\/revisions"}],"predecessor-version":[{"id":14402,"href":"https:\/\/zonaroja.com.mx\/index.php?rest_route=\/wp\/v2\/posts\/14398\/revisions\/14402"}],"wp:featuredmedia":[{"embeddable":true,"href":"https:\/\/zonaroja.com.mx\/index.php?rest_route=\/wp\/v2\/media\/7610"}],"wp:attachment":[{"href":"https:\/\/zonaroja.com.mx\/index.php?rest_route=%2Fwp%2Fv2%2Fmedia&parent=14398"}],"wp:term":[{"taxonomy":"category","embeddable":true,"href":"https:\/\/zonaroja.com.mx\/index.php?rest_route=%2Fwp%2Fv2%2Fcategories&post=14398"},{"taxonomy":"post_tag","embeddable":true,"href":"https:\/\/zonaroja.com.mx\/index.php?rest_route=%2Fwp%2Fv2%2Ftags&post=14398"}],"curies":[{"name":"wp","href":"https:\/\/api.w.org\/{rel}","templated":true}]}}