{"id":14403,"date":"2020-06-29T12:11:55","date_gmt":"2020-06-29T17:11:55","guid":{"rendered":"http:\/\/www.zonaroja.com.mx\/?p=14403"},"modified":"2020-06-29T12:11:58","modified_gmt":"2020-06-29T17:11:58","slug":"inicia-la-semana-en-oaxaca-con-dos-personas-ejecutadas","status":"publish","type":"post","link":"https:\/\/zonaroja.com.mx\/?p=14403","title":{"rendered":"Inicia la semana en Oaxaca con dos personas ejecutadas"},"content":{"rendered":"\n<p>Redacci\u00f3n\/Zona\nRoja.<\/p>\n\n\n\n<p>Oaxaca\nde Ju\u00e1rez, Oax., 29 de junio de 2020.- Dos personas fueron ejecutadas a balazos\nla ma\u00f1ana de este lunes en el municipio de Juchit\u00e1n de Zaragoza, en la regi\u00f3n\ndel Istmo de Tehuantepec de Oaxaca.<\/p>\n\n\n\n<p>Los\nhechos ocurrieron en el callej\u00f3n El Encanto de la colonia Campesina de la\nS\u00e9ptima Secci\u00f3n, donde quedaron los cuerpos de dos j\u00f3venes, uno en el interior de\nun mototaxi con n\u00famero econ\u00f3mico MT-044, de la organizaci\u00f3n \u201cGeneral Charis\u201d, y\notro en el exterior.<\/p>\n\n\n\n<p>Hasta\nel momento se desconoce el m\u00f3vil del doble homicidio, mientras que el o los\nprobables agresores se dieron a la fuga con rumbo desconocido.<\/p>\n\n\n\n<p>OTRO\nFEMINICIDIO<\/p>\n\n\n\n<p>En\ntanto, otro probable feminicidio se perpetr\u00f3 en Huajuapan de Le\u00f3n, y el cuerpo\nfue hallado ayer en una fosa clandestina.<\/p>\n\n\n\n<p>De\nacuerdo con los primeros datos de la Vicefiscal\u00eda Regional de la Mixteca, el\ncuerpo fue localizado tras un operativo por parte de personal de la Fiscal\u00eda\nGeneral del Estado, en un domicilio del fraccionamiento Santa Eduviges de la\nagencia Agua Dulce; de manera preliminar se inform\u00f3 que el cuerpo fue\nidentificado como R. M. S. C.<\/p>\n\n\n\n<p>CAPITAL\nINSEGURA<\/p>\n\n\n\n<p>En\nla capital de Oaxaca, una persona fue atacada con arma blanca, ayer por la\nnoche, en la prolongaci\u00f3n de la calle Valerio Trujano, en jurisdicci\u00f3n de la\nagencia de San Mart\u00edn Mexic\u00e1pam.<\/p>\n\n\n\n<p>La\nv\u00edctima fue agredida por arma blanca en el abdomen, en un asalto, y fue\nidentificada como Jos\u00e9 A. C., de 38 a\u00f1os de edad, quien iba acompa\u00f1ado de su\nesposa Apolonia; fue trasladada a un hospital, donde convalece.<\/p>\n","protected":false},"excerpt":{"rendered":"<p>Redacci\u00f3n\/Zona Roja. Oaxaca de Ju\u00e1rez, Oax., 29 de junio de 2020.- Dos personas fueron ejecutadas&hellip;<\/p>\n","protected":false},"author":2,"featured_media":14404,"comment_status":"closed","ping_status":"open","sticky":false,"template":"","format":"standard","meta":{"_lmt_disableupdate":"","_lmt_disable":"","_jetpack_memberships_contains_paid_content":false,"footnotes":""},"categories":[109,51],"tags":[123],"class_list":["post-14403","post","type-post","status-publish","format-standard","has-post-thumbnail","hentry","category-minuto-a-minuto","category-zona-roja","tag-juchitan-de-zaragoza"],"jetpack_featured_media_url":"https:\/\/zonaroja.com.mx\/wp-content\/uploads\/2020\/06\/Ejecutado-Juchit\u00e1n-1.jpg","jetpack_sharing_enabled":true,"_links":{"self":[{"href":"https:\/\/zonaroja.com.mx\/index.php?rest_route=\/wp\/v2\/posts\/14403","targetHints":{"allow":["GET"]}}],"collection":[{"href":"https:\/\/zonaroja.com.mx\/index.php?rest_route=\/wp\/v2\/posts"}],"about":[{"href":"https:\/\/zonaroja.com.mx\/index.php?rest_route=\/wp\/v2\/types\/post"}],"author":[{"embeddable":true,"href":"https:\/\/zonaroja.com.mx\/index.php?rest_route=\/wp\/v2\/users\/2"}],"replies":[{"embeddable":true,"href":"https:\/\/zonaroja.com.mx\/index.php?rest_route=%2Fwp%2Fv2%2Fcomments&post=14403"}],"version-history":[{"count":1,"href":"https:\/\/zonaroja.com.mx\/index.php?rest_route=\/wp\/v2\/posts\/14403\/revisions"}],"predecessor-version":[{"id":14405,"href":"https:\/\/zonaroja.com.mx\/index.php?rest_route=\/wp\/v2\/posts\/14403\/revisions\/14405"}],"wp:featuredmedia":[{"embeddable":true,"href":"https:\/\/zonaroja.com.mx\/index.php?rest_route=\/wp\/v2\/media\/14404"}],"wp:attachment":[{"href":"https:\/\/zonaroja.com.mx\/index.php?rest_route=%2Fwp%2Fv2%2Fmedia&parent=14403"}],"wp:term":[{"taxonomy":"category","embeddable":true,"href":"https:\/\/zonaroja.com.mx\/index.php?rest_route=%2Fwp%2Fv2%2Fcategories&post=14403"},{"taxonomy":"post_tag","embeddable":true,"href":"https:\/\/zonaroja.com.mx\/index.php?rest_route=%2Fwp%2Fv2%2Ftags&post=14403"}],"curies":[{"name":"wp","href":"https:\/\/api.w.org\/{rel}","templated":true}]}}