{"id":14406,"date":"2020-06-29T12:47:35","date_gmt":"2020-06-29T17:47:35","guid":{"rendered":"http:\/\/www.zonaroja.com.mx\/?p=14406"},"modified":"2020-06-29T12:47:39","modified_gmt":"2020-06-29T17:47:39","slug":"acusan-a-hijo-de-regidor-de-ciudad-ixtepec-de-secuestrar-a-un-joven","status":"publish","type":"post","link":"https:\/\/zonaroja.com.mx\/?p=14406","title":{"rendered":"Acusan a hijo de regidor de Ciudad Ixtepec de secuestrar a un joven"},"content":{"rendered":"\n<p>Evlin\nArag\u00f3n\/Zona Roja.<\/p>\n\n\n\n<p>Oaxaca\nde Ju\u00e1rez, Oax., 29 de junio de 2020.- El hijo del dirigente regional de la\nCATEM y regidor de Obras del ayuntamiento de Ciudad Ixtepec, Fernando Luis\nVillalobos, fue acusado de secuestrar con un grupo armado a un joven.<\/p>\n\n\n\n<p>De\nacuerdo con videos difundidos, los hechos ocurrieron este domingo en\ninmediaciones del puente San Pedro entre la colonia Los Laureles y Nueva\nEsperanza de ese municipio istme\u00f1o, donde la v\u00edctima, un joven de\naproximadamente 18 a\u00f1os, es golpeada y subida por la fuerza a una camioneta tipo\nMurano, Marca Nissan, color blanco y con placas 888-YCA.<\/p>\n\n\n\n<p>De\nacuerdo con medios de informaci\u00f3n en la zona, el hijo del regidor hace mal uso\nde la guardia de seguridad que le fue asignada al funcionario municipal, luego\nde haber sufrido un atentado contra su vida y por el que incluso recibi\u00f3 dos\nimpactos de bala.<\/p>\n\n\n\n<p>Ante\nel reporte de la situaci\u00f3n elementos de la Guardia Nacional y Polic\u00eda Estatal y\nMunicipal acudieron al domicilio del concejal ubicado en la colonia La Soledad\npara indagar los hechos.<\/p>\n\n\n\n<p>Sin\nembargo, les fue impedida la revisi\u00f3n de la vivienda de acuerdo con los\ntestimonios de trabajadores de medios de comunicaci\u00f3n que fueron amenazado por\nhacer la transmisi\u00f3n en vivo de la situaci\u00f3n.<\/p>\n\n\n\n<p>Al\nrespecto el presidente municipal de Ciudad Ixtepec, Rogelio Cheng L\u00f3pez,\nconden\u00f3 los hechos violentos y deslind\u00f3 a su administraci\u00f3n de cualquier acto\nde prepotencia y al margen o por encima de la ley, raz\u00f3n por la que pidi\u00f3 una\ninvestigaci\u00f3n exhaustiva por parte de las autoridades correspondientes.<\/p>\n\n\n\n<p>\u201cEstamos\ntratando de mantener un pueblo tranquilo, en paz y obviamente no estamos de\nacuerdo con esos hechos. Queremos que Ixtepec siga siendo un pueblo tranquilo y\nresguardado\u201d dijo en una breve conferencia de prensa.<\/p>\n\n\n\n<p>El\nedil asegur\u00f3 que el regidor de Obras tendr\u00e1 que aclarar de viva voz y de manera\npersonal los hechos, ya que su administraci\u00f3n no puede permitir ninguna acci\u00f3n\nde este tipo, por lo que se pronunci\u00f3 en total respaldo de las autoridades\ncompetentes para realizar una investigaci\u00f3n exhaustiva.<\/p>\n\n\n\n<p>\u201cSi\nhay alguna autoridad municipal que tenga que aclarar deber\u00e1 hacerlo de viva voz\ny de manera personal. En esta administraci\u00f3n no podemos permitir un acto de ese\ntipo, queremos que las autoridades intervengan firmemente y que se realicen las\ninvestigaciones necesarias para aclarar la situaci\u00f3n\u201d finaliz\u00f3 el edil como\nparte de su posicionamiento.<\/p>\n\n\n\n<p>Hasta\nel momento, las autoridades de la Vicefiscal\u00eda Regional del Istmo no han dado a\nconocer si se logr\u00f3 detener a los probables plagiarios y si se hall\u00f3 al joven\nsecuestrado.<\/p>\n","protected":false},"excerpt":{"rendered":"<p>Evlin Arag\u00f3n\/Zona Roja. Oaxaca de Ju\u00e1rez, Oax., 29 de junio de 2020.- El hijo del&hellip;<\/p>\n","protected":false},"author":2,"featured_media":14409,"comment_status":"closed","ping_status":"open","sticky":false,"template":"","format":"standard","meta":{"_lmt_disableupdate":"","_lmt_disable":"","_jetpack_memberships_contains_paid_content":false,"footnotes":""},"categories":[109,51],"tags":[703],"class_list":["post-14406","post","type-post","status-publish","format-standard","has-post-thumbnail","hentry","category-minuto-a-minuto","category-zona-roja","tag-ciudad-ixtepec"],"jetpack_featured_media_url":"https:\/\/zonaroja.com.mx\/wp-content\/uploads\/2020\/06\/Secuestro-Ciudad-Ixtepec.jpg","jetpack_sharing_enabled":true,"_links":{"self":[{"href":"https:\/\/zonaroja.com.mx\/index.php?rest_route=\/wp\/v2\/posts\/14406","targetHints":{"allow":["GET"]}}],"collection":[{"href":"https:\/\/zonaroja.com.mx\/index.php?rest_route=\/wp\/v2\/posts"}],"about":[{"href":"https:\/\/zonaroja.com.mx\/index.php?rest_route=\/wp\/v2\/types\/post"}],"author":[{"embeddable":true,"href":"https:\/\/zonaroja.com.mx\/index.php?rest_route=\/wp\/v2\/users\/2"}],"replies":[{"embeddable":true,"href":"https:\/\/zonaroja.com.mx\/index.php?rest_route=%2Fwp%2Fv2%2Fcomments&post=14406"}],"version-history":[{"count":1,"href":"https:\/\/zonaroja.com.mx\/index.php?rest_route=\/wp\/v2\/posts\/14406\/revisions"}],"predecessor-version":[{"id":14410,"href":"https:\/\/zonaroja.com.mx\/index.php?rest_route=\/wp\/v2\/posts\/14406\/revisions\/14410"}],"wp:featuredmedia":[{"embeddable":true,"href":"https:\/\/zonaroja.com.mx\/index.php?rest_route=\/wp\/v2\/media\/14409"}],"wp:attachment":[{"href":"https:\/\/zonaroja.com.mx\/index.php?rest_route=%2Fwp%2Fv2%2Fmedia&parent=14406"}],"wp:term":[{"taxonomy":"category","embeddable":true,"href":"https:\/\/zonaroja.com.mx\/index.php?rest_route=%2Fwp%2Fv2%2Fcategories&post=14406"},{"taxonomy":"post_tag","embeddable":true,"href":"https:\/\/zonaroja.com.mx\/index.php?rest_route=%2Fwp%2Fv2%2Ftags&post=14406"}],"curies":[{"name":"wp","href":"https:\/\/api.w.org\/{rel}","templated":true}]}}