{"id":14411,"date":"2020-06-29T14:44:32","date_gmt":"2020-06-29T19:44:32","guid":{"rendered":"http:\/\/www.zonaroja.com.mx\/?p=14411"},"modified":"2020-06-29T14:44:35","modified_gmt":"2020-06-29T19:44:35","slug":"crean-sitio-web-para-exigir-justicia-por-alexander-asesinado-por-policias","status":"publish","type":"post","link":"https:\/\/zonaroja.com.mx\/?p=14411","title":{"rendered":"Crean sitio web para exigir justicia por Alexander, asesinado por polic\u00edas"},"content":{"rendered":"\n<p>Yuridiana\nSosa\/Zona Roja.<\/p>\n\n\n\n<p>Oaxaca\nde Ju\u00e1rez, Oax., 29 de junio de 2020.- La familia de Alexander M. G., asesinado\nen Vicente Camalote, Acatl\u00e1n de P\u00e9rez Figueroa, por un polic\u00eda municipal, abri\u00f3\nuna p\u00e1gina web para alzar la voz en exigencia de justicia para su hijo, as\u00ed\ncomo para visibilizar su caso para que no quede impune.<\/p>\n\n\n\n<p>Su\nmam\u00e1, padre y hermano, quieren que la vida de \u201cChander\u201d, asesinado a los 16\na\u00f1os de edad, se d\u00e9 a conocer, pues estuvo llena de anhelos, el principal de\nestos, el de ser futbolista profesional. \u201cSoy un loco so\u00f1ador que sue\u00f1a con ser\njugador profesional y regalarle el mundo a sus pies a su madre\u201d, se cita en un\napartado.<\/p>\n\n\n\n<p>Contraria\na las versiones iniciales de un elemento implicado sobre la presunta portaci\u00f3n\nde arma del joven en la noche de los hechos, refieren que habr\u00eda m\u00e1s\nresponsables.<\/p>\n\n\n\n<p>En\nel sitio, la familia del joven ofrece informaci\u00f3n sobre los avances del caso\nocurrido el pasado 9 de junio en esa comunidad de la regi\u00f3n Cuenca y por el que\nla Oficina del Alto Comisionado para los Derechos Humanos en M\u00e9xico ha puesto\nlos ojos en el caso para el proceso se realice en los est\u00e1ndares de derechos\nhumanos por actos cometidos con brutalidad policial.<\/p>\n\n\n\n<p>La\nfamilia de Alexander demand\u00f3 a la Fiscal\u00eda General de Oaxaca participar\nactivamente en todo el proceso jur\u00eddico y de atenci\u00f3n integral, lo cual se\nestableci\u00f3 en una agenda de trabajo en reuni\u00f3n del pasado 23 de junio.<\/p>\n\n\n\n<p>Virginia\nG\u00f3mez, Teodoro Mart\u00ednez y Alexis Mart\u00ednez (mam\u00e1, pap\u00e1 y hermano,\nrespectivamente) indicaron que mientras, sostendr\u00e1n una reuni\u00f3n con la oficina\nde la ONU, en Oaxaca la Defensor\u00eda de los Derechos Humanos del Pueblo de Oaxaca\nno ha hecho comunicaci\u00f3n con ellos.<\/p>\n\n\n\n<p>Eso,\napuntan, a pesar de que est\u00e1n enterados por medios de comunicaci\u00f3n que el\norganismo estatal inici\u00f3 una investigaci\u00f3n de oficio.<\/p>\n\n\n\n<p>\u201cEsperamos\nque el Defensor garantice nuestro derecho a la participaci\u00f3n en la\ninvestigaci\u00f3n y se constituya en un mecanismo efectivo y eficaz que nos\ngarantice la verdad y evite la impunidad\u201d, demand\u00f3 la familia en comunicado a\ntrav\u00e9s de la p\u00e1gina justiciaparaalexander.mx.<\/p>\n\n\n\n<p>La\nfamilia de Alexander manifest\u00f3 su solidaridad con las familias v\u00edctimas de\nabuso policial en M\u00e9xico y en los Estados Unidos. \u201cNuestros hijos e hijas no\ndebieron morir por quienes tienen la obligaci\u00f3n de protegernos\u201d, sostienen.<\/p>\n","protected":false},"excerpt":{"rendered":"<p>Yuridiana Sosa\/Zona Roja. Oaxaca de Ju\u00e1rez, Oax., 29 de junio de 2020.- La familia de&hellip;<\/p>\n","protected":false},"author":2,"featured_media":13550,"comment_status":"closed","ping_status":"open","sticky":false,"template":"","format":"standard","meta":{"_lmt_disableupdate":"","_lmt_disable":"","_jetpack_memberships_contains_paid_content":false,"footnotes":""},"categories":[109,47],"tags":[187,1749],"class_list":["post-14411","post","type-post","status-publish","format-standard","has-post-thumbnail","hentry","category-minuto-a-minuto","category-zona-gris","tag-acatlan-de-perez-figueroa","tag-alexander-g-m"],"jetpack_featured_media_url":"https:\/\/zonaroja.com.mx\/wp-content\/uploads\/2020\/06\/Alexander-G-1.jpg","jetpack_sharing_enabled":true,"_links":{"self":[{"href":"https:\/\/zonaroja.com.mx\/index.php?rest_route=\/wp\/v2\/posts\/14411","targetHints":{"allow":["GET"]}}],"collection":[{"href":"https:\/\/zonaroja.com.mx\/index.php?rest_route=\/wp\/v2\/posts"}],"about":[{"href":"https:\/\/zonaroja.com.mx\/index.php?rest_route=\/wp\/v2\/types\/post"}],"author":[{"embeddable":true,"href":"https:\/\/zonaroja.com.mx\/index.php?rest_route=\/wp\/v2\/users\/2"}],"replies":[{"embeddable":true,"href":"https:\/\/zonaroja.com.mx\/index.php?rest_route=%2Fwp%2Fv2%2Fcomments&post=14411"}],"version-history":[{"count":1,"href":"https:\/\/zonaroja.com.mx\/index.php?rest_route=\/wp\/v2\/posts\/14411\/revisions"}],"predecessor-version":[{"id":14412,"href":"https:\/\/zonaroja.com.mx\/index.php?rest_route=\/wp\/v2\/posts\/14411\/revisions\/14412"}],"wp:featuredmedia":[{"embeddable":true,"href":"https:\/\/zonaroja.com.mx\/index.php?rest_route=\/wp\/v2\/media\/13550"}],"wp:attachment":[{"href":"https:\/\/zonaroja.com.mx\/index.php?rest_route=%2Fwp%2Fv2%2Fmedia&parent=14411"}],"wp:term":[{"taxonomy":"category","embeddable":true,"href":"https:\/\/zonaroja.com.mx\/index.php?rest_route=%2Fwp%2Fv2%2Fcategories&post=14411"},{"taxonomy":"post_tag","embeddable":true,"href":"https:\/\/zonaroja.com.mx\/index.php?rest_route=%2Fwp%2Fv2%2Ftags&post=14411"}],"curies":[{"name":"wp","href":"https:\/\/api.w.org\/{rel}","templated":true}]}}