{"id":14413,"date":"2020-06-29T14:52:13","date_gmt":"2020-06-29T19:52:13","guid":{"rendered":"http:\/\/www.zonaroja.com.mx\/?p=14413"},"modified":"2020-06-29T14:52:16","modified_gmt":"2020-06-29T19:52:16","slug":"relatores-especiales-de-la-onu-exigen-garantias-para-consorcio-oaxaca","status":"publish","type":"post","link":"https:\/\/zonaroja.com.mx\/?p=14413","title":{"rendered":"Relatores especiales de la ONU exigen garant\u00edas para Consorcio Oaxaca"},"content":{"rendered":"\n<p>Redacci\u00f3n\/Zona\nRoja.<\/p>\n\n\n\n<p>Oaxaca\nde Ju\u00e1rez, Oax., 29 de junio de 2020.- Mary Lawlor, Relatora Especial sobre la\nsituaci\u00f3n de las personas defensoras de derechos humanos de la ONU, junto con\nla Relatora Especial sobre la violencia contra la mujer; el Relator Especial\nsobre el derecho a la libertad de reuni\u00f3n pac\u00edfica y de asociaci\u00f3n y el Grupo\nde Trabajo sobre la discriminaci\u00f3n contra las mujeres y las ni\u00f1as, expresaron\nsu preocupaci\u00f3n por los ataques contra integrantes del Consorcio Oaxaca.<\/p>\n\n\n\n<p>Mary\nLawlor enfatiz\u00f3 que \u201cel nivel de vulnerabilidad en el que se encuentran las\npersonas defensoras en ciertas regiones de M\u00e9xico es sumamente preocupante. Es\na\u00fan m\u00e1s preocupante observar los extraordinarios riesgos a los que se enfrentan\nlas defensoras de derechos humanos y aquellas personas que se dedican a luchar\npor los derechos de las mujeres\u201d.<\/p>\n\n\n\n<p>As\u00ed\ncomo&nbsp; \u201cla impunidad y la corrupci\u00f3n en\nlos sistemas de justicia fomentan la criminalidad y socavan la lucha contra la\nviolencia de g\u00e9nero, a la vez que se alimenta la continuaci\u00f3n de la violencia contra\nlas personas defensoras en el pa\u00eds\u201d.<\/p>\n\n\n\n<p>Este\ncomunicado se da luego de los hechos del pasado 15 de junio, donde se encontr\u00f3\nen la puerta de la oficina de Consorcio Oaxaca una bolsa que conten\u00eda restos de\nlo que parec\u00eda ser la cabeza de un animal, junto con una nota amenazadora\natribuida a un grupo de crimen organizado. <\/p>\n\n\n\n<p>Dicha\namenaza se dio en el marco del acompa\u00f1amiento de Consorcio Oaxaca a la\nperiodista y defensora Soledad Jarqu\u00edn Edgar en la campa\u00f1a \u201cHasta que la\nJusticia Llegue\u201d, en la que pide justicia y verdad por el femincidio de su\nhija, Mar\u00eda del Sol Cruz Jarqu\u00edn.<\/p>\n","protected":false},"excerpt":{"rendered":"<p>Redacci\u00f3n\/Zona Roja. Oaxaca de Ju\u00e1rez, Oax., 29 de junio de 2020.- Mary Lawlor, Relatora Especial&hellip;<\/p>\n","protected":false},"author":2,"featured_media":13815,"comment_status":"closed","ping_status":"open","sticky":false,"template":"","format":"standard","meta":{"_lmt_disableupdate":"","_lmt_disable":"","_jetpack_memberships_contains_paid_content":false,"footnotes":""},"categories":[109,47],"tags":[1093],"class_list":["post-14413","post","type-post","status-publish","format-standard","has-post-thumbnail","hentry","category-minuto-a-minuto","category-zona-gris","tag-consorcio-para-el-dialogo-oaxaca"],"jetpack_featured_media_url":"https:\/\/zonaroja.com.mx\/wp-content\/uploads\/2020\/06\/Consorcio-Oaxaca.jpg","jetpack_sharing_enabled":true,"_links":{"self":[{"href":"https:\/\/zonaroja.com.mx\/index.php?rest_route=\/wp\/v2\/posts\/14413","targetHints":{"allow":["GET"]}}],"collection":[{"href":"https:\/\/zonaroja.com.mx\/index.php?rest_route=\/wp\/v2\/posts"}],"about":[{"href":"https:\/\/zonaroja.com.mx\/index.php?rest_route=\/wp\/v2\/types\/post"}],"author":[{"embeddable":true,"href":"https:\/\/zonaroja.com.mx\/index.php?rest_route=\/wp\/v2\/users\/2"}],"replies":[{"embeddable":true,"href":"https:\/\/zonaroja.com.mx\/index.php?rest_route=%2Fwp%2Fv2%2Fcomments&post=14413"}],"version-history":[{"count":1,"href":"https:\/\/zonaroja.com.mx\/index.php?rest_route=\/wp\/v2\/posts\/14413\/revisions"}],"predecessor-version":[{"id":14414,"href":"https:\/\/zonaroja.com.mx\/index.php?rest_route=\/wp\/v2\/posts\/14413\/revisions\/14414"}],"wp:featuredmedia":[{"embeddable":true,"href":"https:\/\/zonaroja.com.mx\/index.php?rest_route=\/wp\/v2\/media\/13815"}],"wp:attachment":[{"href":"https:\/\/zonaroja.com.mx\/index.php?rest_route=%2Fwp%2Fv2%2Fmedia&parent=14413"}],"wp:term":[{"taxonomy":"category","embeddable":true,"href":"https:\/\/zonaroja.com.mx\/index.php?rest_route=%2Fwp%2Fv2%2Fcategories&post=14413"},{"taxonomy":"post_tag","embeddable":true,"href":"https:\/\/zonaroja.com.mx\/index.php?rest_route=%2Fwp%2Fv2%2Ftags&post=14413"}],"curies":[{"name":"wp","href":"https:\/\/api.w.org\/{rel}","templated":true}]}}