{"id":14415,"date":"2020-06-29T15:05:07","date_gmt":"2020-06-29T20:05:07","guid":{"rendered":"http:\/\/www.zonaroja.com.mx\/?p=14415"},"modified":"2020-06-29T15:05:10","modified_gmt":"2020-06-29T20:05:10","slug":"exige-diputada-justicia-por-doble-feminicidio-en-huautla","status":"publish","type":"post","link":"https:\/\/zonaroja.com.mx\/?p=14415","title":{"rendered":"Exige diputada justicia por doble feminicidio en Huautla"},"content":{"rendered":"\n<p>Redacci\u00f3n\/Zona\nRoja.<\/p>\n\n\n\n<p>Oaxaca\nde Ju\u00e1rez, Oax., 29 de junio de 2020.- La presidenta de la Comisi\u00f3n Permanente\nde Justicia del Congreso de Oaxaca, Elisa Zepeda Lagunas, demand\u00f3 una\ninvestigaci\u00f3n eficiente y castigo a los responsables del asesinato de dos\nmujeres, el pasado lunes, en Huautla de Jim\u00e9nez.<\/p>\n\n\n\n<p>\u201cLos\nfeminicidios en un contexto ind\u00edgena son doblemente invisibilizados en Oaxaca;\nal contar con condiciones de precariedad, la justicia no llega a las\ncomunidades ind\u00edgenas, en donde los reflectores de los medios de comunicaci\u00f3n y\nde la opini\u00f3n p\u00fablica tampoco se hacen presentes\u201d, dijo en un comunicado.<\/p>\n\n\n\n<p>Remarc\u00f3\nque las mujeres asesinadas en las comunidades ind\u00edgenas se convierten en\nmuertes silenciadas, como es caso del feminicidio de madre e hija registrado en\nla agencia municipal de Xochitonalco, en Huautla.<\/p>\n\n\n\n<p>Refiri\u00f3\nque este tipo de cr\u00edmenes no deben permanecer impunes por parte de las\nautoridades. \u201cEs lacerante ver la sa\u00f1a y la violencia extrema contra las\nmujeres, el castigo a sus agresores debe ser ejemplar, me sumo a la exigencia\nde justicia para Julia y Virginia\u201d, manifest\u00f3.<\/p>\n\n\n\n<p>La\ndiputada por el Partido Morena se manifest\u00f3 para que se realicen las indagatorias\ncon perspectiva de g\u00e9nero, se recaben los datos de pruebas necesarias para dar\ncon el paradero de quien o quienes hayan perpetrado este \u201ccobarde doble\nasesinato y lograr el ejercicio de la acci\u00f3n penal\u201d.<\/p>\n\n\n\n<p>Indic\u00f3\nque la violencia por ning\u00fan motivo puede quedar como un asunto privado, debe\natenderse desde la agenda p\u00fablica, la violencia de g\u00e9nero no puede quedar\nimpune, porque pone en riesgo la vida de todas las mujeres oaxaque\u00f1as.<\/p>\n\n\n\n<p>\u201cPareciera\nque no es suficiente que el simple hecho de ser mujer representa un peligro en\nnuestro pa\u00eds, el cual se agrava si la mujer pertenece a una comunidad\noriginaria, pues la propia organizaci\u00f3n de gobierno, la poca preparaci\u00f3n de las\nautoridades, hacen dar \u2018carpetazo\u2019 a los casos de feminicidios en este\ncontexto. <\/p>\n\n\n\n<p>\u201cLa\nsituaci\u00f3n se agrava cuando una mujer ind\u00edgena acude al ministerio p\u00fablico a\ndenunciar un acto de violencia no cuenta con los conocimientos b\u00e1sicos de sus\nderechos\u201d, detall\u00f3 en el comunicado.<\/p>\n\n\n\n<p>De\nacuerdo al Estudio Nacional sobre Violencia de G\u00e9nero contra Mujeres en\nRegiones Ind\u00edgenas, realizado por la Comisi\u00f3n Nacional para Prevenir y\nErradicar la Violencia contra las Mujeres en M\u00e9xico, la violencia contra\nmujeres ind\u00edgenas incluye diversos tipos de maltrato, exclusi\u00f3n, discriminaci\u00f3n\ny agresi\u00f3n reconocidos en los marcos de derechos humanos.<\/p>\n","protected":false},"excerpt":{"rendered":"<p>Redacci\u00f3n\/Zona Roja. Oaxaca de Ju\u00e1rez, Oax., 29 de junio de 2020.- La presidenta de la&hellip;<\/p>\n","protected":false},"author":2,"featured_media":14416,"comment_status":"closed","ping_status":"open","sticky":false,"template":"","format":"standard","meta":{"_lmt_disableupdate":"","_lmt_disable":"","_jetpack_memberships_contains_paid_content":false,"footnotes":""},"categories":[109,47],"tags":[610,203],"class_list":["post-14415","post","type-post","status-publish","format-standard","has-post-thumbnail","hentry","category-minuto-a-minuto","category-zona-gris","tag-feminicidios-oaxaca","tag-huautla-de-jimenez"],"jetpack_featured_media_url":"https:\/\/zonaroja.com.mx\/wp-content\/uploads\/2020\/06\/Julia-y-Virginia-Huautla.jpg","jetpack_sharing_enabled":true,"_links":{"self":[{"href":"https:\/\/zonaroja.com.mx\/index.php?rest_route=\/wp\/v2\/posts\/14415","targetHints":{"allow":["GET"]}}],"collection":[{"href":"https:\/\/zonaroja.com.mx\/index.php?rest_route=\/wp\/v2\/posts"}],"about":[{"href":"https:\/\/zonaroja.com.mx\/index.php?rest_route=\/wp\/v2\/types\/post"}],"author":[{"embeddable":true,"href":"https:\/\/zonaroja.com.mx\/index.php?rest_route=\/wp\/v2\/users\/2"}],"replies":[{"embeddable":true,"href":"https:\/\/zonaroja.com.mx\/index.php?rest_route=%2Fwp%2Fv2%2Fcomments&post=14415"}],"version-history":[{"count":1,"href":"https:\/\/zonaroja.com.mx\/index.php?rest_route=\/wp\/v2\/posts\/14415\/revisions"}],"predecessor-version":[{"id":14417,"href":"https:\/\/zonaroja.com.mx\/index.php?rest_route=\/wp\/v2\/posts\/14415\/revisions\/14417"}],"wp:featuredmedia":[{"embeddable":true,"href":"https:\/\/zonaroja.com.mx\/index.php?rest_route=\/wp\/v2\/media\/14416"}],"wp:attachment":[{"href":"https:\/\/zonaroja.com.mx\/index.php?rest_route=%2Fwp%2Fv2%2Fmedia&parent=14415"}],"wp:term":[{"taxonomy":"category","embeddable":true,"href":"https:\/\/zonaroja.com.mx\/index.php?rest_route=%2Fwp%2Fv2%2Fcategories&post=14415"},{"taxonomy":"post_tag","embeddable":true,"href":"https:\/\/zonaroja.com.mx\/index.php?rest_route=%2Fwp%2Fv2%2Ftags&post=14415"}],"curies":[{"name":"wp","href":"https:\/\/api.w.org\/{rel}","templated":true}]}}