{"id":14418,"date":"2020-06-29T20:21:14","date_gmt":"2020-06-30T01:21:14","guid":{"rendered":"http:\/\/www.zonaroja.com.mx\/?p=14418"},"modified":"2020-06-29T20:21:17","modified_gmt":"2020-06-30T01:21:17","slug":"a-un-mes-de-la-polemica-edil-de-oaxaca-anuncia-encargada-del-imm","status":"publish","type":"post","link":"https:\/\/zonaroja.com.mx\/?p=14418","title":{"rendered":"A un mes de la pol\u00e9mica, edil de Oaxaca anuncia encargada del IMM"},"content":{"rendered":"\n<p>Evlin\nArag\u00f3n\/Zona Roja.<\/p>\n\n\n\n<p>Oaxaca\nde Ju\u00e1rez, Oax., 29 de junio de 2020.- A un mes del despido injustificado, que\nreclam\u00f3 Jaquelina Escamilla Villanueva, el presidente municipal de Oaxaca de\nJu\u00e1rez, Oswaldo Garc\u00eda Jarqu\u00edn, inform\u00f3 que la ciudadana Soledad L\u00f3pez P\u00e9rez,\njefa del Departamento de Prevenci\u00f3n de la Violencia de G\u00e9nero contra las\nMujeres, ha quedado a cargo del Instituto Municipal de la Mujer.<\/p>\n\n\n\n<p>Lo\nhizo a trav\u00e9s de un comunicado, en el que casi pasa desapercibo el tema, debido\na que el documento tambi\u00e9n aborda temas sobre la contingencia sanitaria,\nafectaciones en la capital por el temblor magnitud 7.4 registrado el 23 de\njunio, entre otros puntos tratados en la sesi\u00f3n ordinaria de Cabildo celebrada\neste s\u00e1bado.<\/p>\n\n\n\n<p>En\nla transmisi\u00f3n en l\u00ednea el edil anunci\u00f3 que ya tiene una propuesta para el\ncargo y que esta se presentar\u00e1 en pr\u00f3ximos d\u00edas ante las y los concejales para\nsu aprobaci\u00f3n, ello sin hacer eco de la demanda de decenas de activistas,\nintegrantes de la sociedad civil, funcionarias p\u00fablicas y representante\npopulares, que denunciaron violencia pol\u00edtica en el caso y pidieron la\nreinstalaci\u00f3n de Escamilla Villanueva en la instituci\u00f3n municipal.<\/p>\n\n\n\n<p>\u201cNosotros\nya tenemos una propuesta para el cargo de titular, estamos en espera de que se\nresuelvan algunos detalles y pasarlo a aprobaci\u00f3n de Cabildo. No se ha detenido\nninguna de las actividades del instituto a pesar de que quiz\u00e1 existan algunas\npersonas insistentes en que le pueda ir mal a esta administraci\u00f3n\u201d, indic\u00f3 el\nedil.<\/p>\n\n\n\n<p>Fue\nel pasado 27 de mayo que, a trav\u00e9s de un video en las redes sociales, Jaquelina\nEscamilla Villanueva denunci\u00f3 su despido injustificado, el cual fue confirmado\ndos d\u00edas despu\u00e9s por la autoridad municipal que argument\u00f3 seguir los\nordenamientos legales que rigen a la administraci\u00f3n p\u00fablica tras la\ninsubordinaci\u00f3n por parte de la funcionaria.<\/p>\n\n\n\n<p>Por\nlo anterior decenas de colectivos feministas y en defensa de las mujeres\nmanifestaron su rechazo a cualquier tipo de violencia, particularmente a\naquella que viene de las propias instituciones, la cual exigieron que sea\nresarcida y sancionada.<\/p>\n\n\n\n<p>As\u00ed\nmismo funcionarias y legisladoras de la 4T se pronunciaron en contra de la\nacci\u00f3n que a todas luces describieron como una muestra de violencia de g\u00e9nero,\nen sus modalidades de pol\u00edtica e institucional, a la par que se comprometieron\na dar seguimiento a su caso para hacer justicia, haciendo evidente que la\nreciente legislaci\u00f3n ya puede ser sancionada.<\/p>\n\n\n\n<p>Las\npropias integrantes del Consejos Consultivo del Instituto Municipal de la\nMujeres y el Consejo Municipal para la Prevenci\u00f3n, Atenci\u00f3n, Sanci\u00f3n y Erradicaci\u00f3n\nde la Violencia de G\u00e9nero contra las Mujeres del Municipio de Oaxaca de Ju\u00e1rez,\nsolicitaron desde el pasado 3 de junio una audiencia con el edil para conocer\nlos motivos que dieron causa a la destituci\u00f3n de la funcionaria, derivada de\nacciones que han sido se\u00f1aladas como violencia pol\u00edtica, sin que exista\nrespuesta a la petici\u00f3n.<\/p>\n\n\n\n<p>Apenas\neste domingo, a trav\u00e9s de sus redes sociales, el Grupo de Estudios sobre la\nMujer (GesMujer) manifest\u00f3 que el edil debe demostrar que su administraci\u00f3n\nvalora y respeta los derechos humanos de las mujeres y restituir a Jaquelina\nEscamilla en el Instituto Municipal de las Mujeres de Oaxaca.<\/p>\n\n\n\n<p>A\ntodos los reclamos anteriores emitidos desde la sociedad civil, Garc\u00eda Jarqu\u00edn\nha hecho o\u00eddos sordos, pese a que aspira a reelegirse como edil de la capital\noaxaque\u00f1a en el pr\u00f3ximo proceso electoral.<\/p>\n","protected":false},"excerpt":{"rendered":"<p>Evlin Arag\u00f3n\/Zona Roja. Oaxaca de Ju\u00e1rez, Oax., 29 de junio de 2020.- A un mes&hellip;<\/p>\n","protected":false},"author":2,"featured_media":1870,"comment_status":"closed","ping_status":"open","sticky":false,"template":"","format":"standard","meta":{"_lmt_disableupdate":"","_lmt_disable":"","_jetpack_memberships_contains_paid_content":false,"footnotes":""},"categories":[109,47],"tags":[191],"class_list":["post-14418","post","type-post","status-publish","format-standard","has-post-thumbnail","hentry","category-minuto-a-minuto","category-zona-gris","tag-instituto-municipal-de-la-mujer-oaxaquena"],"jetpack_featured_media_url":"https:\/\/zonaroja.com.mx\/wp-content\/uploads\/2019\/06\/3.jpg","jetpack_sharing_enabled":true,"_links":{"self":[{"href":"https:\/\/zonaroja.com.mx\/index.php?rest_route=\/wp\/v2\/posts\/14418","targetHints":{"allow":["GET"]}}],"collection":[{"href":"https:\/\/zonaroja.com.mx\/index.php?rest_route=\/wp\/v2\/posts"}],"about":[{"href":"https:\/\/zonaroja.com.mx\/index.php?rest_route=\/wp\/v2\/types\/post"}],"author":[{"embeddable":true,"href":"https:\/\/zonaroja.com.mx\/index.php?rest_route=\/wp\/v2\/users\/2"}],"replies":[{"embeddable":true,"href":"https:\/\/zonaroja.com.mx\/index.php?rest_route=%2Fwp%2Fv2%2Fcomments&post=14418"}],"version-history":[{"count":1,"href":"https:\/\/zonaroja.com.mx\/index.php?rest_route=\/wp\/v2\/posts\/14418\/revisions"}],"predecessor-version":[{"id":14420,"href":"https:\/\/zonaroja.com.mx\/index.php?rest_route=\/wp\/v2\/posts\/14418\/revisions\/14420"}],"wp:featuredmedia":[{"embeddable":true,"href":"https:\/\/zonaroja.com.mx\/index.php?rest_route=\/wp\/v2\/media\/1870"}],"wp:attachment":[{"href":"https:\/\/zonaroja.com.mx\/index.php?rest_route=%2Fwp%2Fv2%2Fmedia&parent=14418"}],"wp:term":[{"taxonomy":"category","embeddable":true,"href":"https:\/\/zonaroja.com.mx\/index.php?rest_route=%2Fwp%2Fv2%2Fcategories&post=14418"},{"taxonomy":"post_tag","embeddable":true,"href":"https:\/\/zonaroja.com.mx\/index.php?rest_route=%2Fwp%2Fv2%2Ftags&post=14418"}],"curies":[{"name":"wp","href":"https:\/\/api.w.org\/{rel}","templated":true}]}}