{"id":14424,"date":"2020-06-29T21:21:23","date_gmt":"2020-06-30T02:21:23","guid":{"rendered":"http:\/\/www.zonaroja.com.mx\/?p=14424"},"modified":"2020-06-29T21:21:27","modified_gmt":"2020-06-30T02:21:27","slug":"la-cndh-califica-como-discriminatorias-las-declaraciones-de-jorge-castaneda","status":"publish","type":"post","link":"https:\/\/zonaroja.com.mx\/?p=14424","title":{"rendered":"La CNDH califica como discriminatorias las declaraciones de Jorge Casta\u00f1eda"},"content":{"rendered":"\n<p>Redacci\u00f3n\/Zona\nRoja Cdmx.<\/p>\n\n\n\n<p>Ciudad\nde M\u00e9xico, 29 de junio de 2020.- Las recientes declaraciones del ex canciller\nJorge Casta\u00f1eda Gutman, al referirse al municipio de Putla Villa de Guerrero,\nOaxaca (con tradici\u00f3n mixteco-triqui) como un \u201cpueblo horroroso\u201d y \u201carrabalero\u201d\nson expresiones \u201cdiscriminatorias, ofensivas y displicentes\u201d, subray\u00f3 la\nComisi\u00f3n Nacional de los Derechos Humanos (CNDH) en un exhorto p\u00fablico al ex\nfuncionario.<\/p>\n\n\n\n<p>\u201cEsos\ncomentarios agreden la dignidad e integridad del pueblo mixteco-triqui de\nOaxaca que a lo largo de su historia ha trabajado y luchado con ejemplar\nperseverancia para erigir y engrandecer su gran cultura frente a las\nadversidades de su entorno, pero, sobre todo, ante la exclusi\u00f3n y ausencia de\napoyo del Estado mexicano\u201d, indic\u00f3 el organismo nacional.<\/p>\n\n\n\n<p>El\npasado 25 de junio, durante un programa televisivo de opini\u00f3n, Casta\u00f1eda Gutman\nhizo esos se\u00f1alamientos en el contexto de un debate sobre la labor de los\nm\u00e9dicos cubanos que han llegado a M\u00e9xico para sumarse a la atenci\u00f3n del\nCovid-19.<\/p>\n\n\n\n<p>La\nCNDH amonest\u00f3 al ex canciller al afirmar que en el pa\u00eds toda persona tiene el\nderecho humano a la libertad de pensamiento y expresi\u00f3n; sin embargo, \u00e9ste\ntiene un l\u00edmite cuando sus actos y expresiones afectan los derechos de los\ndem\u00e1s, y con sus afirmaciones Casta\u00f1eda Gutman afect\u00f3 las garant\u00edas de otros.<\/p>\n\n\n\n<p>\u201cLa\nlibertad de expresi\u00f3n y pensamiento como un derecho humano universal, debe ser\ntutelado, protegido y defendido a plenitud por los Estados nacionales, pero es\nmenester ejercer este derecho con la responsabilidad y el respeto que nos exige\nnuestro tiempo y circunstancia\u201d, plante\u00f3.<\/p>\n\n\n\n<p>(Informaci\u00f3n\nde \u201cLa Jornada\u201d)<\/p>\n","protected":false},"excerpt":{"rendered":"<p>Redacci\u00f3n\/Zona Roja Cdmx. Ciudad de M\u00e9xico, 29 de junio de 2020.- Las recientes declaraciones del&hellip;<\/p>\n","protected":false},"author":2,"featured_media":14425,"comment_status":"closed","ping_status":"open","sticky":false,"template":"","format":"standard","meta":{"_lmt_disableupdate":"","_lmt_disable":"","_jetpack_memberships_contains_paid_content":false,"footnotes":""},"categories":[109,47],"tags":[969],"class_list":["post-14424","post","type-post","status-publish","format-standard","has-post-thumbnail","hentry","category-minuto-a-minuto","category-zona-gris","tag-putla-villa-de-guerrero"],"jetpack_featured_media_url":"https:\/\/zonaroja.com.mx\/wp-content\/uploads\/2020\/06\/Putla-Villa-de-Guerrero4.jpg","jetpack_sharing_enabled":true,"_links":{"self":[{"href":"https:\/\/zonaroja.com.mx\/index.php?rest_route=\/wp\/v2\/posts\/14424","targetHints":{"allow":["GET"]}}],"collection":[{"href":"https:\/\/zonaroja.com.mx\/index.php?rest_route=\/wp\/v2\/posts"}],"about":[{"href":"https:\/\/zonaroja.com.mx\/index.php?rest_route=\/wp\/v2\/types\/post"}],"author":[{"embeddable":true,"href":"https:\/\/zonaroja.com.mx\/index.php?rest_route=\/wp\/v2\/users\/2"}],"replies":[{"embeddable":true,"href":"https:\/\/zonaroja.com.mx\/index.php?rest_route=%2Fwp%2Fv2%2Fcomments&post=14424"}],"version-history":[{"count":1,"href":"https:\/\/zonaroja.com.mx\/index.php?rest_route=\/wp\/v2\/posts\/14424\/revisions"}],"predecessor-version":[{"id":14426,"href":"https:\/\/zonaroja.com.mx\/index.php?rest_route=\/wp\/v2\/posts\/14424\/revisions\/14426"}],"wp:featuredmedia":[{"embeddable":true,"href":"https:\/\/zonaroja.com.mx\/index.php?rest_route=\/wp\/v2\/media\/14425"}],"wp:attachment":[{"href":"https:\/\/zonaroja.com.mx\/index.php?rest_route=%2Fwp%2Fv2%2Fmedia&parent=14424"}],"wp:term":[{"taxonomy":"category","embeddable":true,"href":"https:\/\/zonaroja.com.mx\/index.php?rest_route=%2Fwp%2Fv2%2Fcategories&post=14424"},{"taxonomy":"post_tag","embeddable":true,"href":"https:\/\/zonaroja.com.mx\/index.php?rest_route=%2Fwp%2Fv2%2Ftags&post=14424"}],"curies":[{"name":"wp","href":"https:\/\/api.w.org\/{rel}","templated":true}]}}