{"id":14427,"date":"2020-06-29T21:31:51","date_gmt":"2020-06-30T02:31:51","guid":{"rendered":"http:\/\/www.zonaroja.com.mx\/?p=14427"},"modified":"2020-06-29T21:31:55","modified_gmt":"2020-06-30T02:31:55","slug":"ya-son-mil-30-los-trabajadores-del-sector-salud-con-covid","status":"publish","type":"post","link":"https:\/\/zonaroja.com.mx\/?p=14427","title":{"rendered":"Ya son mil 30 los trabajadores del sector salud con Covid"},"content":{"rendered":"\n<p>Redacci\u00f3n\/Zona\nRoja.<\/p>\n\n\n\n<p>Oaxaca\nde Ju\u00e1rez, Oax. 29 de junio de 2020.- Al corte de este lunes 29 de junio, se\ntienen contabilizados 94 casos nuevos de Covid-19, que suman cinco mil 175 de\nmanera acumulada en todo el estado, inform\u00f3 la dependencia gubernamental Servicios\nde Salud de Oaxaca.<\/p>\n\n\n\n<p>Se\u00f1al\u00f3\nque se han notificado nueve mil 347 casos, de los cuales tres mil 100 han sido\nnegativos, hay mil 072 casos sospechosos en espera de resultados por\nlaboratorio, cuatro mil 019 se han recuperado, y lamentablemente se registraron\n15 decesos, que suman 584; as\u00ed como 572 casos activos de contagios.<\/p>\n\n\n\n<p>Mencion\u00f3\nque la Jurisdicci\u00f3n Sanitaria n\u00famero uno Valles Centrales registra tres mil 494\ncasos confirmados y 333 defunciones; Tuxtepec 699 y 117 fallecimientos, Istmo\n365 y 60 muertes, Mixteca 295 y 33 defunciones, Costa 201 y 22 decesos y la\nSierra (Norte) 121 y 19 defunciones.<\/p>\n\n\n\n<p>Agreg\u00f3\nque los 94 casos nuevos &#8211;38 menos que ayer&#8211; se encuentran distribuidos en 33\nmunicipios, siendo los principales Oaxaca de Ju\u00e1rez con 17, seguido de Salina\nCruz y Santo Domingo Tehuantepec con ocho cada uno, Juchit\u00e1n de Zaragoza siete,\nHuajuapan de Le\u00f3n seis, Santa Cruz Xoxocotl\u00e1n cinco, Santa Luc\u00eda del Camino y\nSan Pedro Mixtepec cuatro cada uno y el resto, tres, dos y uno.<\/p>\n\n\n\n<p>Se\u00f1al\u00f3\nque se han acumulado casos en el sector Salud, de los cuales 354 es personal\nm\u00e9dico, 436 de enfermer\u00eda y 240 de otras \u00e1reas, para un total de mil 30.<\/p>\n\n\n\n<p>En\nun comunicado, dijo que la ocupaci\u00f3n hospitalaria para pacientes con Covid se\nencuentra distribuida de la siguiente manera: en los SSO 37.3%, Hospital\nRegional de Alta Especialidad de Oaxaca 83.3%, Hospital de la Ni\u00f1ez Oaxaque\u00f1a\n100%, Sedena 46%, ISSSTE 39.4%, IMSS r\u00e9gimen ordinario 76.3%, IMSS Bienestar\n9%, Pemex 84.6% y Semar 100%.<\/p>\n","protected":false},"excerpt":{"rendered":"<p>Redacci\u00f3n\/Zona Roja. Oaxaca de Ju\u00e1rez, Oax. 29 de junio de 2020.- Al corte de este&hellip;<\/p>\n","protected":false},"author":2,"featured_media":14428,"comment_status":"closed","ping_status":"open","sticky":false,"template":"","format":"standard","meta":{"_lmt_disableupdate":"","_lmt_disable":"","_jetpack_memberships_contains_paid_content":false,"footnotes":""},"categories":[109,47],"tags":[1512],"class_list":["post-14427","post","type-post","status-publish","format-standard","has-post-thumbnail","hentry","category-minuto-a-minuto","category-zona-gris","tag-coronavirus-oaxaca"],"jetpack_featured_media_url":"https:\/\/zonaroja.com.mx\/wp-content\/uploads\/2020\/06\/SSO-1-10.jpeg","jetpack_sharing_enabled":true,"_links":{"self":[{"href":"https:\/\/zonaroja.com.mx\/index.php?rest_route=\/wp\/v2\/posts\/14427","targetHints":{"allow":["GET"]}}],"collection":[{"href":"https:\/\/zonaroja.com.mx\/index.php?rest_route=\/wp\/v2\/posts"}],"about":[{"href":"https:\/\/zonaroja.com.mx\/index.php?rest_route=\/wp\/v2\/types\/post"}],"author":[{"embeddable":true,"href":"https:\/\/zonaroja.com.mx\/index.php?rest_route=\/wp\/v2\/users\/2"}],"replies":[{"embeddable":true,"href":"https:\/\/zonaroja.com.mx\/index.php?rest_route=%2Fwp%2Fv2%2Fcomments&post=14427"}],"version-history":[{"count":1,"href":"https:\/\/zonaroja.com.mx\/index.php?rest_route=\/wp\/v2\/posts\/14427\/revisions"}],"predecessor-version":[{"id":14429,"href":"https:\/\/zonaroja.com.mx\/index.php?rest_route=\/wp\/v2\/posts\/14427\/revisions\/14429"}],"wp:featuredmedia":[{"embeddable":true,"href":"https:\/\/zonaroja.com.mx\/index.php?rest_route=\/wp\/v2\/media\/14428"}],"wp:attachment":[{"href":"https:\/\/zonaroja.com.mx\/index.php?rest_route=%2Fwp%2Fv2%2Fmedia&parent=14427"}],"wp:term":[{"taxonomy":"category","embeddable":true,"href":"https:\/\/zonaroja.com.mx\/index.php?rest_route=%2Fwp%2Fv2%2Fcategories&post=14427"},{"taxonomy":"post_tag","embeddable":true,"href":"https:\/\/zonaroja.com.mx\/index.php?rest_route=%2Fwp%2Fv2%2Ftags&post=14427"}],"curies":[{"name":"wp","href":"https:\/\/api.w.org\/{rel}","templated":true}]}}