{"id":14430,"date":"2020-06-30T07:48:47","date_gmt":"2020-06-30T12:48:47","guid":{"rendered":"http:\/\/www.zonaroja.com.mx\/?p=14430"},"modified":"2020-06-30T07:48:52","modified_gmt":"2020-06-30T12:48:52","slug":"suspende-la-suprema-corte-politica-de-sener-contra-renovables","status":"publish","type":"post","link":"https:\/\/zonaroja.com.mx\/?p=14430","title":{"rendered":"Suspende la Suprema Corte pol\u00edtica de Sener contra renovables"},"content":{"rendered":"\n<p>Redacci\u00f3n\/Zona\nRoja Cdmx.<\/p>\n\n\n\n<p>Ciudad\nde M\u00e9xico, 30 de junio de 2020.- La Suprema Corte de Justicia de la Naci\u00f3n\n(SCJN) admiti\u00f3 la controversia constitucional promovida por la Comisi\u00f3n Federal\nde Competencia Econ\u00f3mica (Cofece) en contra de la Pol\u00edtica de Confiabilidad del\nSistema El\u00e9ctrico Nacional emitida por la Secretar\u00eda de Energ\u00eda (Sener), y\norden\u00f3 la suspensi\u00f3n de todas las medidas contenidas en esta.<\/p>\n\n\n\n<p>El\npasado 22 de junio, la Cofece, dirigida por Alejandra Palacios, anunci\u00f3 que\ninterpuso ese recurso contra las \u00faltimas medidas publicadas por Sener.<\/p>\n\n\n\n<p>Con\nesto, busca que la Suprema Corte determine si la dependencia dirigida por Roc\u00edo\nNahle tiene la facultad de emitir una regulaci\u00f3n que ignore las facultades del\norganismo antimonopolios.<\/p>\n\n\n\n<p>La\nsuspensi\u00f3n estar\u00e1 vigente por el tiempo en que la Suprema Corte necesite para\ndecidir si fallar\u00e1 a favor de Cofece.<\/p>\n\n\n\n<p>\u201cSe\nconcede la medida cautelar solicitada por la Comisi\u00f3n Federal de Competencia\nEcon\u00f3mica, para el efecto de que se suspendan todos los efectos y consecuencias\ndel Acuerdo por el que se emite la Pol\u00edtica de Confiablidad, Seguridad,\nContinuidad y Calidad en el Sistema El\u00e9ctrico Nacional (SEN), publicado en el\nDiario Oficial de la Federaci\u00f3n el 15 de mayo de 2020, hasta en tanto se\nresuelva el fondo del presente asunto\u201d, se\u00f1al\u00f3 el ministro Luis Mar\u00eda Aguilar.<\/p>\n\n\n\n<p>Explic\u00f3\nque la medida suspensional surtir\u00e1 efectos sin necesidad de otorgar garant\u00eda y\nsin perjuicio de que pueda modificarse o revocarse por alg\u00fan hecho\nsuperveniente.<\/p>\n\n\n\n<p>Destac\u00f3\nque con la suspensi\u00f3n decretada no se afectan la seguridad y econom\u00eda\nnacionales, ni las instituciones fundamentales del orden jur\u00eddico mexicano,\npuesto que la concesi\u00f3n de la suspensi\u00f3n traer\u00e1 como efecto que se sigan\naplicando las disposiciones que prevalec\u00edan con anterioridad.<\/p>\n\n\n\n<p>La\nsuspensi\u00f3n es de efecto general, es decir, aplica para todos los participantes\ndel mercado el\u00e9ctrico. Por ahora, todos los generadores de electricidad podr\u00e1n\nseguir operando como hasta antes de que se publicara esta pol\u00edtica.<\/p>\n\n\n\n<p>Esta\nes la tercera suspensi\u00f3n que se dicta para detener las medidas contenidas en la\npol\u00edtica publicada por Sener. En las \u00faltimas dos semanas, dos jueces en materia\nde competencia concedieron la medida a las organizaciones ambientalistas\nDefensa Colectiva y Greenpeace.<\/p>\n\n\n\n<p>La\npol\u00edtica de confiabilidad acumula 72 solicitudes de amparo por parte de\ncompa\u00f1\u00edas privadas y organizaciones.<\/p>\n\n\n\n<p>Cofece\npresent\u00f3 la controversia ante la Suprema Corte al considerar que, con la\npublicaci\u00f3n de esta pol\u00edtica, la Sener rebas\u00f3 sus facultades e invadi\u00f3 la\nesfera competencial del organismo presidido por Alejandra Palacios.<\/p>\n\n\n\n<p>El\nente antimonopolios, explic\u00f3 Palacios en una entrevista previa, tambi\u00e9n\nconsidera que la pol\u00edtica de la Sener elimina la posibilidad de que el mercado\nel\u00e9ctrico opere en condiciones de competencia, pues compromete el acceso no\ndiscriminatorio a las redes de transmisi\u00f3n y distribuci\u00f3n, dificulta la entrada\nde nuevas compa\u00f1\u00edas al mercado y da ventajas a algunos participantes.<\/p>\n\n\n\n<p>La\npol\u00edtica de confiabilidad fue publicada en \u2018fast track\u2019 por Sener el 15 de mayo\npasado sin pasar por el proceso necesario ante la Comisi\u00f3n de Mejora\nRegulatoria (Conamer).<\/p>\n\n\n\n<p>La\ndependencia dirigida por Roc\u00edo Nahle busca ampliar el uso de centrales\nel\u00e9ctricas propiedad de la Comisi\u00f3n Federal de Electricidad (CFE) y limitar los\npermisos para plantas e\u00f3licas y solares, as\u00ed como modificar algunos de los\nprocedimientos llevados a cabo por la Comisi\u00f3n Reguladora de Energ\u00eda (CRE) y el\nCentro Nacional de Control de Energ\u00eda (Cenace).<\/p>\n\n\n\n<p>(Informaci\u00f3n\nde \u201cEl Financiero\u201d)<\/p>\n","protected":false},"excerpt":{"rendered":"<p>Redacci\u00f3n\/Zona Roja Cdmx. Ciudad de M\u00e9xico, 30 de junio de 2020.- La Suprema Corte de&hellip;<\/p>\n","protected":false},"author":2,"featured_media":9809,"comment_status":"closed","ping_status":"open","sticky":false,"template":"","format":"standard","meta":{"_lmt_disableupdate":"","_lmt_disable":"","_jetpack_memberships_contains_paid_content":false,"footnotes":""},"categories":[109,47],"tags":[],"class_list":["post-14430","post","type-post","status-publish","format-standard","has-post-thumbnail","hentry","category-minuto-a-minuto","category-zona-gris"],"jetpack_featured_media_url":"https:\/\/zonaroja.com.mx\/wp-content\/uploads\/2020\/03\/E\u00f3lica-Uni\u00f3n-Hidalgo.jpg","jetpack_sharing_enabled":true,"_links":{"self":[{"href":"https:\/\/zonaroja.com.mx\/index.php?rest_route=\/wp\/v2\/posts\/14430","targetHints":{"allow":["GET"]}}],"collection":[{"href":"https:\/\/zonaroja.com.mx\/index.php?rest_route=\/wp\/v2\/posts"}],"about":[{"href":"https:\/\/zonaroja.com.mx\/index.php?rest_route=\/wp\/v2\/types\/post"}],"author":[{"embeddable":true,"href":"https:\/\/zonaroja.com.mx\/index.php?rest_route=\/wp\/v2\/users\/2"}],"replies":[{"embeddable":true,"href":"https:\/\/zonaroja.com.mx\/index.php?rest_route=%2Fwp%2Fv2%2Fcomments&post=14430"}],"version-history":[{"count":1,"href":"https:\/\/zonaroja.com.mx\/index.php?rest_route=\/wp\/v2\/posts\/14430\/revisions"}],"predecessor-version":[{"id":14431,"href":"https:\/\/zonaroja.com.mx\/index.php?rest_route=\/wp\/v2\/posts\/14430\/revisions\/14431"}],"wp:featuredmedia":[{"embeddable":true,"href":"https:\/\/zonaroja.com.mx\/index.php?rest_route=\/wp\/v2\/media\/9809"}],"wp:attachment":[{"href":"https:\/\/zonaroja.com.mx\/index.php?rest_route=%2Fwp%2Fv2%2Fmedia&parent=14430"}],"wp:term":[{"taxonomy":"category","embeddable":true,"href":"https:\/\/zonaroja.com.mx\/index.php?rest_route=%2Fwp%2Fv2%2Fcategories&post=14430"},{"taxonomy":"post_tag","embeddable":true,"href":"https:\/\/zonaroja.com.mx\/index.php?rest_route=%2Fwp%2Fv2%2Ftags&post=14430"}],"curies":[{"name":"wp","href":"https:\/\/api.w.org\/{rel}","templated":true}]}}