{"id":14432,"date":"2020-06-30T07:56:11","date_gmt":"2020-06-30T12:56:11","guid":{"rendered":"http:\/\/www.zonaroja.com.mx\/?p=14432"},"modified":"2020-06-30T07:56:15","modified_gmt":"2020-06-30T12:56:15","slug":"activistas-de-veracruz-protestaran-hoy-por-desaparecidas-de-tuxtepec","status":"publish","type":"post","link":"https:\/\/zonaroja.com.mx\/?p=14432","title":{"rendered":"Activistas de Veracruz protestar\u00e1n hoy por desaparecidas de Tuxtepec"},"content":{"rendered":"\n<p>Yuridiana\nSosa\/Zona Roja.<\/p>\n\n\n\n<p>Oaxaca\nde Ju\u00e1rez, Oax., 30 de junio de 2020.- Desde el puerto de Veracruz, activistas\nfeministas se unen para exigir justicia por Itzel, Casandra, F\u00e1tima,\ndesaparecidas, y por Isabel, asesinada, en San Juan Bautista Tuxtepec entre los\nmeses de marzo y mayo.<\/p>\n\n\n\n<p>Este\n30 de junio, las mujeres del puerto convocan a una concentraci\u00f3n en el z\u00f3calo\nde esa ciudad, frente a Palacio Municipal. \u201cSomos el grito de las que ya no\ntienen voz\u201d, indica la convocatoria.<\/p>\n\n\n\n<p>El\npasado 18 de junio, el Colectivo Tuxfem march\u00f3 en Tuxtepec junto con las\nfamilias de las j\u00f3venes desaparecidas, de quienes hasta el momento la Fiscal\u00eda\nGeneral de Oaxaca, inform\u00f3, mantiene su b\u00fasqueda.<\/p>\n\n\n\n<p>Las\nprotestas se intensificaron tras el hallazgo de fosas clandestinas en Tuxtepec,\ndonde el pasado 14 de junio la Fiscal\u00eda de Oaxaca localiz\u00f3 en predios de la\ncomunidad de Zacate Colorado el cuerpo de una mujer enterrado y en d\u00edas\nposteriores m\u00e1s de 500 fragmentos de huesos de humanos, de quienes siguen las\ninvestigaciones para determinar la identidad de las v\u00edctimas.<\/p>\n\n\n\n<p>F\u00e1tima\nPalacios, de 18 a\u00f1os de edad, despareci\u00f3 en marzo; Itzel Gonz\u00e1lez, de 21 a\u00f1os,\nen abril, y Casandra Ram\u00edrez, de 23 a\u00f1os, en mayo. Al menos dos de ellas fueron\nenganchadas con enga\u00f1os por Facebook para ofrecerles trabajo.<\/p>\n\n\n\n<p>Mientras\nque Isabel P. L., de 35 a\u00f1os de edad, desapareci\u00f3 en abril y fue localizada sin\nvida y su cuerpo en estado de descomposici\u00f3n a las orillas del bulevar S\u00f3stenes\nBravo, de Tuxtepec, al d\u00eda siguiente que fue reportada como desaparecida.<\/p>\n","protected":false},"excerpt":{"rendered":"<p>Yuridiana Sosa\/Zona Roja. Oaxaca de Ju\u00e1rez, Oax., 30 de junio de 2020.- Desde el puerto&hellip;<\/p>\n","protected":false},"author":2,"featured_media":14111,"comment_status":"closed","ping_status":"open","sticky":false,"template":"","format":"standard","meta":{"_lmt_disableupdate":"","_lmt_disable":"","_jetpack_memberships_contains_paid_content":false,"footnotes":""},"categories":[109,47],"tags":[642],"class_list":["post-14432","post","type-post","status-publish","format-standard","has-post-thumbnail","hentry","category-minuto-a-minuto","category-zona-gris","tag-personas-desaparecidas-oaxaca"],"jetpack_featured_media_url":"https:\/\/zonaroja.com.mx\/wp-content\/uploads\/2020\/06\/Protestas-feministas-por-Tuxtepec-2.jpg","jetpack_sharing_enabled":true,"_links":{"self":[{"href":"https:\/\/zonaroja.com.mx\/index.php?rest_route=\/wp\/v2\/posts\/14432","targetHints":{"allow":["GET"]}}],"collection":[{"href":"https:\/\/zonaroja.com.mx\/index.php?rest_route=\/wp\/v2\/posts"}],"about":[{"href":"https:\/\/zonaroja.com.mx\/index.php?rest_route=\/wp\/v2\/types\/post"}],"author":[{"embeddable":true,"href":"https:\/\/zonaroja.com.mx\/index.php?rest_route=\/wp\/v2\/users\/2"}],"replies":[{"embeddable":true,"href":"https:\/\/zonaroja.com.mx\/index.php?rest_route=%2Fwp%2Fv2%2Fcomments&post=14432"}],"version-history":[{"count":1,"href":"https:\/\/zonaroja.com.mx\/index.php?rest_route=\/wp\/v2\/posts\/14432\/revisions"}],"predecessor-version":[{"id":14433,"href":"https:\/\/zonaroja.com.mx\/index.php?rest_route=\/wp\/v2\/posts\/14432\/revisions\/14433"}],"wp:featuredmedia":[{"embeddable":true,"href":"https:\/\/zonaroja.com.mx\/index.php?rest_route=\/wp\/v2\/media\/14111"}],"wp:attachment":[{"href":"https:\/\/zonaroja.com.mx\/index.php?rest_route=%2Fwp%2Fv2%2Fmedia&parent=14432"}],"wp:term":[{"taxonomy":"category","embeddable":true,"href":"https:\/\/zonaroja.com.mx\/index.php?rest_route=%2Fwp%2Fv2%2Fcategories&post=14432"},{"taxonomy":"post_tag","embeddable":true,"href":"https:\/\/zonaroja.com.mx\/index.php?rest_route=%2Fwp%2Fv2%2Ftags&post=14432"}],"curies":[{"name":"wp","href":"https:\/\/api.w.org\/{rel}","templated":true}]}}