{"id":14434,"date":"2020-06-30T08:00:19","date_gmt":"2020-06-30T13:00:19","guid":{"rendered":"http:\/\/www.zonaroja.com.mx\/?p=14434"},"modified":"2020-06-30T08:00:23","modified_gmt":"2020-06-30T13:00:23","slug":"analiza-congreso-instaurar-un-modelo-pedagogico-en-dh-para-policias","status":"publish","type":"post","link":"https:\/\/zonaroja.com.mx\/?p=14434","title":{"rendered":"Analiza Congreso instaurar un modelo pedag\u00f3gico en DH para polic\u00edas"},"content":{"rendered":"\n<p>Redacci\u00f3n\/Zona\nRoja. <\/p>\n\n\n\n<p>Oaxaca\nde Ju\u00e1rez, Oax., a 30 de junio, 2020.- Con el fin de evitar m\u00e1s abusos, como\nlos registrados recientemente en Acatl\u00e1n de P\u00e9rez Figueroa y San Pablo Huitzo,\nla 64 Legislatura analiza reformar la Ley del Sistema Estatal de Seguridad\nP\u00fablica en Oaxaca e instaurar un modelo pedag\u00f3gico en derechos humanos para las\ninstituciones policiales.<\/p>\n\n\n\n<p>En\nuna iniciativa presentada por la legisladora Magaly L\u00f3pez Dom\u00ednguez ante la\nDiputaci\u00f3n Permanente del Congreso local, se plantea reformar los art\u00edculos 62\ny 74 del citado instrumento jur\u00eddico, para garantizar la integridad y derechos\nde las personas, as\u00ed como preservar las libertades, el orden y la paz p\u00fablica.<\/p>\n\n\n\n<p>El\npunto central de la propuesta consiste en otorgar una educaci\u00f3n de respeto a\nlos Derechos Humanos entre el personal de las instituciones policiales, la\nProcuradur\u00eda e integrantes de los cuerpos de seguridad p\u00fablica municipal o\ncualquier otra denominaci\u00f3n que le otorguen las comunidades ind\u00edgenas o\nafromexicana.<\/p>\n\n\n\n<p>La\nley local en la materia establece que la seguridad p\u00fablica es una funci\u00f3n a\ncargo del estado y de los municipios, que tiene como fines salvaguardar la\nintegridad y derechos de las personas.<\/p>\n\n\n\n<p>Lo\nanterior como una respuesta del Poder Legislativo a casos recientes como el\nocurrido el d\u00eda 7 de mayo, donde dos j\u00f3venes fueron detenidos por elementos de\nla polic\u00eda municipal de San Pablo Huitzo y habr\u00edan sido entregados a civiles\npara ser torturados, al grado de darlos por muertos. <\/p>\n\n\n\n<p>Como\nconsecuencia, se registr\u00f3 el fallecimiento de Diego L. P., con lo que se\nintegr\u00f3 la carpeta de investigaci\u00f3n 14932\/FVCE\/ETLA\/2020.<\/p>\n\n\n\n<p>En\ntanto, el 9 de junio en la agencia municipal de Vicente Camalote, en el\nmunicipio de Acatl\u00e1n de P\u00e9rez Figueroa, fue privado de la vida Alexander M. G.,\ny result\u00f3 herido Carlos R. S., presuntamente por un polic\u00eda municipal. <\/p>\n\n\n\n<p>Ante\nlos hechos, la Fiscal\u00eda de Oaxaca inici\u00f3 la carpeta de investigaci\u00f3n\nrespectiva.<\/p>\n\n\n\n<p>En\nese tenor, el Congreso Local analizar\u00e1 la propuesta para que se plasme en la\nLey del Sistema Estatal de Seguridad P\u00fablica en Oaxaca, la obligatoriedad de\ncapacitar a las corporaciones estatal y municipales para reducir al m\u00e1ximo\ncasos de abuso y esta actuaci\u00f3n se apegue al principio de transversalidad del\nenfoque de Derechos Humanos, perspectiva de g\u00e9nero e interculturalidad.<\/p>\n","protected":false},"excerpt":{"rendered":"<p>Redacci\u00f3n\/Zona Roja. Oaxaca de Ju\u00e1rez, Oax., a 30 de junio, 2020.- Con el fin de&hellip;<\/p>\n","protected":false},"author":2,"featured_media":14435,"comment_status":"closed","ping_status":"open","sticky":false,"template":"","format":"standard","meta":{"_lmt_disableupdate":"","_lmt_disable":"","_jetpack_memberships_contains_paid_content":false,"footnotes":""},"categories":[109,46],"tags":[192],"class_list":["post-14434","post","type-post","status-publish","format-standard","has-post-thumbnail","hentry","category-minuto-a-minuto","category-zona-blanca","tag-diputada-magaly-lopez-dominguez"],"jetpack_featured_media_url":"https:\/\/zonaroja.com.mx\/wp-content\/uploads\/2020\/06\/FOTO-Diputada-Magaly-L\u00f3pez-Dom\u00ednguez.jpg","jetpack_sharing_enabled":true,"_links":{"self":[{"href":"https:\/\/zonaroja.com.mx\/index.php?rest_route=\/wp\/v2\/posts\/14434","targetHints":{"allow":["GET"]}}],"collection":[{"href":"https:\/\/zonaroja.com.mx\/index.php?rest_route=\/wp\/v2\/posts"}],"about":[{"href":"https:\/\/zonaroja.com.mx\/index.php?rest_route=\/wp\/v2\/types\/post"}],"author":[{"embeddable":true,"href":"https:\/\/zonaroja.com.mx\/index.php?rest_route=\/wp\/v2\/users\/2"}],"replies":[{"embeddable":true,"href":"https:\/\/zonaroja.com.mx\/index.php?rest_route=%2Fwp%2Fv2%2Fcomments&post=14434"}],"version-history":[{"count":1,"href":"https:\/\/zonaroja.com.mx\/index.php?rest_route=\/wp\/v2\/posts\/14434\/revisions"}],"predecessor-version":[{"id":14436,"href":"https:\/\/zonaroja.com.mx\/index.php?rest_route=\/wp\/v2\/posts\/14434\/revisions\/14436"}],"wp:featuredmedia":[{"embeddable":true,"href":"https:\/\/zonaroja.com.mx\/index.php?rest_route=\/wp\/v2\/media\/14435"}],"wp:attachment":[{"href":"https:\/\/zonaroja.com.mx\/index.php?rest_route=%2Fwp%2Fv2%2Fmedia&parent=14434"}],"wp:term":[{"taxonomy":"category","embeddable":true,"href":"https:\/\/zonaroja.com.mx\/index.php?rest_route=%2Fwp%2Fv2%2Fcategories&post=14434"},{"taxonomy":"post_tag","embeddable":true,"href":"https:\/\/zonaroja.com.mx\/index.php?rest_route=%2Fwp%2Fv2%2Ftags&post=14434"}],"curies":[{"name":"wp","href":"https:\/\/api.w.org\/{rel}","templated":true}]}}