{"id":14437,"date":"2020-06-30T09:17:49","date_gmt":"2020-06-30T14:17:49","guid":{"rendered":"https:\/\/www.zonaroja.com.mx\/?p=14437"},"modified":"2020-06-30T09:19:02","modified_gmt":"2020-06-30T14:19:02","slug":"matan-y-calcinan-a-una-estudiante-y-su-bebe-en-ejutla-oaxaca","status":"publish","type":"post","link":"https:\/\/zonaroja.com.mx\/?p=14437","title":{"rendered":"Matan y calcinan a una estudiante y su beb\u00e9 en Ejutla, Oaxaca"},"content":{"rendered":"\n<p> Redacci\u00f3n\/Zona Roja. <\/p>\n\n\n\n<p>Oaxaca de Ju\u00e1rez, Oax.. 30 de junio de 2020.- Una estudiante del Colegio de Bachilleres de Oaxaca (Cobao) y su beb\u00e9 de casi dos a\u00f1os  fueron asesinados y calcinados en un cerro de Ejutla de Crespo. <\/p>\n\n\n\n<p>Los hechos sucedieron el pasado domingo cuando habitantes de ese municipio de la regi\u00f3n Valles Centrales de Oaxaca vieron humo y fuego en el cerro \u201cEl Mexicano\u201d. <\/p>\n\n\n\n<p>Al acudir a la zona, extinguieron el siniestro pero hallaron el cuerpo de una mujer y un bebe calcinados, por lo cual dieron aviso al Ministerio P\u00fablico. <\/p>\n\n\n\n<p>Las v\u00edctimas fueron identificadas como Mar\u00eda  Concepci\u00f3n A. C., de 17 a\u00f1os de edad, y su peque\u00f1o hijo, A. A., de un a\u00f1o con diez meses.<\/p>\n\n\n\n<p>Seg\u00fan los primeros datos de las investigaciones, hab\u00edan salido de su domicilio ubicado en Ejutla de Crespo y la \u00faltima vez que se les vio fue alrededor de las diez de la ma\u00f1ana, a bordo de un mototaxi.<\/p>\n\n\n\n<p>Fue despu\u00e9s de las cuatro de la tarde en que los vecinos se percataron del incendio que acudieron a sofocar y donde hallaron los cad\u00e1veres calcinados, tras lo cual dieron aviso al Ministerio P\u00fablico. <\/p>\n\n\n\n<p>Personal de la Fiscal\u00eda General del estado tom\u00f3 conocimiento del caso y al lugar acudieron elementos de la Agencia Estatal de Investigaciones y peritos en distintas especialidades para tomar conocimiento del doble asesinato.<\/p>\n\n\n\n<p>Los restos de Mar\u00eda Concepci\u00f3n  y su peque\u00f1o hijo fueron trasladados al anfiteatro del Instituto de Servicios Periciales en San Bartolo Coyotepec y el lunes fueron entregados a sus familares.<\/p>\n\n\n\n<p>Tras difundir la notificia, en las redes sociales, los pobladores de San Miguel, y Ejutla de Crespo mostraron su indignaci\u00f3n por el crimen.<\/p>\n\n\n\n<p>La directiva del Colegio de Bachilleres en su plantel de Ejutla pidi\u00f3 investigar el caso, a la vez que emiti\u00f3 una esquela. <\/p>\n\n\n\n<p><\/p>\n","protected":false},"excerpt":{"rendered":"<p>Redacci\u00f3n\/Zona Roja. Oaxaca de Ju\u00e1rez, Oax.. 30 de junio de 2020.- Una estudiante del Colegio&hellip;<\/p>\n","protected":false},"author":2,"featured_media":9613,"comment_status":"closed","ping_status":"open","sticky":false,"template":"","format":"standard","meta":{"_lmt_disableupdate":"","_lmt_disable":"","_jetpack_memberships_contains_paid_content":false,"footnotes":""},"categories":[109,51],"tags":[702],"class_list":["post-14437","post","type-post","status-publish","format-standard","has-post-thumbnail","hentry","category-minuto-a-minuto","category-zona-roja","tag-ejutla-de-crespo"],"jetpack_featured_media_url":"https:\/\/zonaroja.com.mx\/wp-content\/uploads\/2020\/03\/Feminicidios-Oaxaca.png","jetpack_sharing_enabled":true,"_links":{"self":[{"href":"https:\/\/zonaroja.com.mx\/index.php?rest_route=\/wp\/v2\/posts\/14437","targetHints":{"allow":["GET"]}}],"collection":[{"href":"https:\/\/zonaroja.com.mx\/index.php?rest_route=\/wp\/v2\/posts"}],"about":[{"href":"https:\/\/zonaroja.com.mx\/index.php?rest_route=\/wp\/v2\/types\/post"}],"author":[{"embeddable":true,"href":"https:\/\/zonaroja.com.mx\/index.php?rest_route=\/wp\/v2\/users\/2"}],"replies":[{"embeddable":true,"href":"https:\/\/zonaroja.com.mx\/index.php?rest_route=%2Fwp%2Fv2%2Fcomments&post=14437"}],"version-history":[{"count":1,"href":"https:\/\/zonaroja.com.mx\/index.php?rest_route=\/wp\/v2\/posts\/14437\/revisions"}],"predecessor-version":[{"id":14438,"href":"https:\/\/zonaroja.com.mx\/index.php?rest_route=\/wp\/v2\/posts\/14437\/revisions\/14438"}],"wp:featuredmedia":[{"embeddable":true,"href":"https:\/\/zonaroja.com.mx\/index.php?rest_route=\/wp\/v2\/media\/9613"}],"wp:attachment":[{"href":"https:\/\/zonaroja.com.mx\/index.php?rest_route=%2Fwp%2Fv2%2Fmedia&parent=14437"}],"wp:term":[{"taxonomy":"category","embeddable":true,"href":"https:\/\/zonaroja.com.mx\/index.php?rest_route=%2Fwp%2Fv2%2Fcategories&post=14437"},{"taxonomy":"post_tag","embeddable":true,"href":"https:\/\/zonaroja.com.mx\/index.php?rest_route=%2Fwp%2Fv2%2Ftags&post=14437"}],"curies":[{"name":"wp","href":"https:\/\/api.w.org\/{rel}","templated":true}]}}