{"id":14440,"date":"2020-06-30T12:10:38","date_gmt":"2020-06-30T17:10:38","guid":{"rendered":"https:\/\/www.zonaroja.com.mx\/?p=14440"},"modified":"2020-06-30T12:10:41","modified_gmt":"2020-06-30T17:10:41","slug":"denuncian-omision-institucional-en-san-mateo-del-mar-piden-intervencion-del-congreso","status":"publish","type":"post","link":"https:\/\/zonaroja.com.mx\/?p=14440","title":{"rendered":"Denuncian omisi\u00f3n institucional en San Mateo del Mar; piden intervenci\u00f3n del Congreso"},"content":{"rendered":"\n<p>Evlin Arag\u00f3n\/Zona Roja <\/p>\n\n\n\n<p>Oaxaca de Ju\u00e1rez, Oax.. 30 de junio de 2020.-&nbsp;Autoridades y representantes de la Alcald\u00eda \u00danica Constitucional de San Mateo del Mar denunciaron violencia pol\u00edtica y omisi\u00f3n institucional por parte del gobierno de Oaxaca en la comunidad, que adem\u00e1s enfrenta un ataque frontal de un grupo armado que aseguran comanda Jorge Leoncio Arroyo Rodr\u00edguez, qui\u00e9n no pertenece a la comunidad ikoots y s\u00f3lo busca beneficios particulares.<\/p>\n\n\n\n<p>Con lo anterior, negaron que se trate de un conflicto interno entre comunidades y agencias, versi\u00f3n que ha circulado el edil Bernardino Ponce Hinojosa, a quien responsabilizan de actuar en contubernio con Arroyo Rodr\u00edguez, y ser responsables de la masacre del pasado 21 y 22 de junio que dejo 15 personas muertas.&nbsp;&nbsp;<\/p>\n\n\n\n<p>Lo hicieron a trav\u00e9s de un comunicado de prensa en el que explican que existe una absoluta omisi\u00f3n por parte de las autoridades estatales, quienes llevan a cuestas las muertes ocurridas en la zona, ya que desde el a\u00f1o pasado se solicit\u00f3 la intervenci\u00f3n del gobierno del Estado, sin ninguna respuesta satisfactoria.<\/p>\n\n\n\n<p>\u201cEl caso de San Mateo del Mar es un caso de violencia pol\u00edtica y de omisi\u00f3n por parte del Estado, como pueblo nos queda claro la ausencia de gobierno, es necesario revisar los niveles de responsabilidad, la funci\u00f3n de los \u00f3rganos de seguridad, sus omisiones, si es para prevenir o solo para intervenir cuando los delitos ya se hayan cometido\u201d, refiere el documento.<\/p>\n\n\n\n<p>Detallaron que desde el 3 de mayo, de forma reiterada, se solicit\u00f3 la intervenci\u00f3n de la Secretar\u00eda General de Gobierno (Segego), la Secretar\u00eda de Seguridad P\u00fablica, la Fiscal\u00eda General de Justicia del Estado, Defensor\u00eda de los Derechos del Pueblo de Oaxaca y la Comisi\u00f3n Nacional de Derechos Humanos; &nbsp;hubo una reuni\u00f3n con las instancias, sin embargo, los \u00f3rganos de seguridad manifestaron que no ten\u00edan la capacidad t\u00e9cnica de cubrir la seguridad en la comunidad de forma permanente.<\/p>\n\n\n\n<p>Denunciaron que las fuerzas armadas \u00fanicamente hicieron presencia en dos ocasiones, el 8 y 28 de mayo, despu\u00e9s no volvieron a ingresar a pesar de los llamados constantes de la poblaci\u00f3n que reportaban hombres encapuchados y armados que recorr\u00edan las calles principales del municipio, la omisi\u00f3n cobr\u00f3 la vida de 15 persona en el ataque del reciente que ha dejado a la comunidad seriamente afectada.<\/p>\n\n\n\n<p>Por lo anterior pidieron la intervenci\u00f3n del Congreso local para terminar con la ingobernabilidad que evidentemente se vive en la localidad, as\u00ed como de la Defensor\u00eda, a quien solicitaron medidas cautelares para toda la poblaci\u00f3n, mismas que pidieron desde el tres de mayo sin respuesta, debido a los ataques armados en su contra<\/p>\n\n\n\n<p>\u201cLas familias, hombres, mujeres, ni\u00f1as, ni\u00f1os, ancianas y ancianos vivimos en un estado constante de terror, no hay gobernabilidad en nuestro municipio como lo han se\u00f1alado las mismas autoridades, solicitamos al Congreso tome cartas en el asunto y se garantice la seguridad de la comunidad\u00bb, indicaron.&nbsp;<\/p>\n\n\n\n<p>Finalmente, responsabilizaron de la violencia en la zona a Jorge Leoncio Arroyo Rodr\u00edguez y solicitaron a la poblaci\u00f3n mantenerse unida en busca de la paz que tanto anhela San Mateo del Mar.&nbsp;<\/p>\n\n\n\n<p>\u201cEstamos cansados, pero sabemos que este es el momento para estar m\u00e1s unidos como pueblo, somos nosotros mismos quienes al final de cuentas debemos sentarnos y buscar la unidad, aqu\u00ed el enemigo no somos los ikoots, sino el mol, el for\u00e1neo que ha venido a da\u00f1ar tanto nuestro pueblo y a nuestros j\u00f3venes\u201d concluyeron su comunicado. <\/p>\n","protected":false},"excerpt":{"rendered":"<p>Evlin Arag\u00f3n\/Zona Roja Oaxaca de Ju\u00e1rez, Oax.. 30 de junio de 2020.-&nbsp;Autoridades y representantes de&hellip;<\/p>\n","protected":false},"author":2,"featured_media":14439,"comment_status":"closed","ping_status":"open","sticky":false,"template":"","format":"standard","meta":{"_lmt_disableupdate":"","_lmt_disable":"","_jetpack_memberships_contains_paid_content":false,"footnotes":""},"categories":[109,47],"tags":[1656,605],"class_list":["post-14440","post","type-post","status-publish","format-standard","has-post-thumbnail","hentry","category-minuto-a-minuto","category-zona-gris","tag-huazantlan-del-rio","tag-san-mateo-del-mar"],"jetpack_featured_media_url":"https:\/\/zonaroja.com.mx\/wp-content\/uploads\/2020\/06\/img_4745.jpg","jetpack_sharing_enabled":true,"_links":{"self":[{"href":"https:\/\/zonaroja.com.mx\/index.php?rest_route=\/wp\/v2\/posts\/14440","targetHints":{"allow":["GET"]}}],"collection":[{"href":"https:\/\/zonaroja.com.mx\/index.php?rest_route=\/wp\/v2\/posts"}],"about":[{"href":"https:\/\/zonaroja.com.mx\/index.php?rest_route=\/wp\/v2\/types\/post"}],"author":[{"embeddable":true,"href":"https:\/\/zonaroja.com.mx\/index.php?rest_route=\/wp\/v2\/users\/2"}],"replies":[{"embeddable":true,"href":"https:\/\/zonaroja.com.mx\/index.php?rest_route=%2Fwp%2Fv2%2Fcomments&post=14440"}],"version-history":[{"count":1,"href":"https:\/\/zonaroja.com.mx\/index.php?rest_route=\/wp\/v2\/posts\/14440\/revisions"}],"predecessor-version":[{"id":14441,"href":"https:\/\/zonaroja.com.mx\/index.php?rest_route=\/wp\/v2\/posts\/14440\/revisions\/14441"}],"wp:featuredmedia":[{"embeddable":true,"href":"https:\/\/zonaroja.com.mx\/index.php?rest_route=\/wp\/v2\/media\/14439"}],"wp:attachment":[{"href":"https:\/\/zonaroja.com.mx\/index.php?rest_route=%2Fwp%2Fv2%2Fmedia&parent=14440"}],"wp:term":[{"taxonomy":"category","embeddable":true,"href":"https:\/\/zonaroja.com.mx\/index.php?rest_route=%2Fwp%2Fv2%2Fcategories&post=14440"},{"taxonomy":"post_tag","embeddable":true,"href":"https:\/\/zonaroja.com.mx\/index.php?rest_route=%2Fwp%2Fv2%2Ftags&post=14440"}],"curies":[{"name":"wp","href":"https:\/\/api.w.org\/{rel}","templated":true}]}}