{"id":14445,"date":"2020-06-30T14:44:38","date_gmt":"2020-06-30T19:44:38","guid":{"rendered":"http:\/\/www.zonaroja.com.mx\/?p=14445"},"modified":"2020-06-30T14:44:44","modified_gmt":"2020-06-30T19:44:44","slug":"por-caso-alexander-cndh-implementa-mecanismo-para-prevenir-tortura","status":"publish","type":"post","link":"https:\/\/zonaroja.com.mx\/?p=14445","title":{"rendered":"Por caso Alexander, CNDH implementa mecanismo para prevenir tortura"},"content":{"rendered":"\n<p>Yuridiana\nSosa\/Zona Roja.<\/p>\n\n\n\n<p>Oaxaca\nde Ju\u00e1rez, Oax., 30 de junio de 2020.- Para la investigaci\u00f3n del asesinato de\nAlexander y ataque armado contra un grupo de j\u00f3venes por parte de la Polic\u00eda\nMunicipal de Acatl\u00e1n de P\u00e9rez Figueroa, la Comisi\u00f3n Nacional de los Derechos\nHumanos implement\u00f3 el Mecanismo Nacional de Prevenci\u00f3n de la Tortura (MNPT).<\/p>\n\n\n\n<p>El\norganismo dio a conocer que solicit\u00f3 informaci\u00f3n sobre las acciones que la\nDefensor\u00eda de los Derechos Humanos del Pueblo de Oaxaca (DDHPO) realiza por\neste caso y demand\u00f3 a la Fiscal\u00eda General del Estado de Oaxaca datos sobre el\nestado que guardan las investigaciones del hecho violento registrado en la\nregi\u00f3n Cuenca.<\/p>\n\n\n\n<p>El\npasado 9 de junio en la comunidad de Vicente Camalote, del municipio de Acatl\u00e1n\nde P\u00e9rez Figueroa, un elemento de la polic\u00eda municipal dispar\u00f3 en contra de un\ngrupo de j\u00f3venes, con el saldo de un herido y el asesinato de Alexander\nMart\u00ednez G\u00f3mez, de 16 a\u00f1os, quien tambi\u00e9n ten\u00eda la nacionalidad de Estado\nUnidos.<\/p>\n\n\n\n<p>La\nCNDH inform\u00f3 que hasta el momento, la DDHPO notific\u00f3 que por el hecho se abri\u00f3\nel expediente de queja n\u00famero DDHPO\/914\/(26)\/OAX\/2020, mientras que la Fiscal\u00eda\nde Oaxaca, inici\u00f3 la Carpeta de Investigaci\u00f3n 18130\/FCUE\/ACATL\u00c1N\/2020.<\/p>\n\n\n\n<p>El\norganismo defensor dijo que continuar\u00e1 en coordinaci\u00f3n con las autoridades\ncorrespondientes a fin de garantizar los derechos humanos de las personas y\nprevenir la tortura y otros tratos o penas crueles.<\/p>\n\n\n\n<p>El\ncaso difundido a nivel internacional tambi\u00e9n fue retomado por la Oficina del\nAlto Comisionado para los Derechos Humanos en M\u00e9xico.<\/p>\n","protected":false},"excerpt":{"rendered":"<p>Yuridiana Sosa\/Zona Roja. Oaxaca de Ju\u00e1rez, Oax., 30 de junio de 2020.- Para la investigaci\u00f3n&hellip;<\/p>\n","protected":false},"author":2,"featured_media":14072,"comment_status":"closed","ping_status":"open","sticky":false,"template":"","format":"standard","meta":{"_lmt_disableupdate":"","_lmt_disable":"","_jetpack_memberships_contains_paid_content":false,"footnotes":""},"categories":[109,47],"tags":[187,1803,974],"class_list":["post-14445","post","type-post","status-publish","format-standard","has-post-thumbnail","hentry","category-minuto-a-minuto","category-zona-gris","tag-acatlan-de-perez-figueroa","tag-alexander-m-g","tag-cndh-comision-nacional-de-derechos-humanos"],"jetpack_featured_media_url":"https:\/\/zonaroja.com.mx\/wp-content\/uploads\/2020\/06\/Alexander-sepelio-2.jpg","jetpack_sharing_enabled":true,"_links":{"self":[{"href":"https:\/\/zonaroja.com.mx\/index.php?rest_route=\/wp\/v2\/posts\/14445","targetHints":{"allow":["GET"]}}],"collection":[{"href":"https:\/\/zonaroja.com.mx\/index.php?rest_route=\/wp\/v2\/posts"}],"about":[{"href":"https:\/\/zonaroja.com.mx\/index.php?rest_route=\/wp\/v2\/types\/post"}],"author":[{"embeddable":true,"href":"https:\/\/zonaroja.com.mx\/index.php?rest_route=\/wp\/v2\/users\/2"}],"replies":[{"embeddable":true,"href":"https:\/\/zonaroja.com.mx\/index.php?rest_route=%2Fwp%2Fv2%2Fcomments&post=14445"}],"version-history":[{"count":1,"href":"https:\/\/zonaroja.com.mx\/index.php?rest_route=\/wp\/v2\/posts\/14445\/revisions"}],"predecessor-version":[{"id":14446,"href":"https:\/\/zonaroja.com.mx\/index.php?rest_route=\/wp\/v2\/posts\/14445\/revisions\/14446"}],"wp:featuredmedia":[{"embeddable":true,"href":"https:\/\/zonaroja.com.mx\/index.php?rest_route=\/wp\/v2\/media\/14072"}],"wp:attachment":[{"href":"https:\/\/zonaroja.com.mx\/index.php?rest_route=%2Fwp%2Fv2%2Fmedia&parent=14445"}],"wp:term":[{"taxonomy":"category","embeddable":true,"href":"https:\/\/zonaroja.com.mx\/index.php?rest_route=%2Fwp%2Fv2%2Fcategories&post=14445"},{"taxonomy":"post_tag","embeddable":true,"href":"https:\/\/zonaroja.com.mx\/index.php?rest_route=%2Fwp%2Fv2%2Ftags&post=14445"}],"curies":[{"name":"wp","href":"https:\/\/api.w.org\/{rel}","templated":true}]}}