{"id":14450,"date":"2020-06-30T15:12:55","date_gmt":"2020-06-30T20:12:55","guid":{"rendered":"http:\/\/www.zonaroja.com.mx\/?p=14450"},"modified":"2020-06-30T15:12:59","modified_gmt":"2020-06-30T20:12:59","slug":"sube-a-441-la-cifra-de-feminicidios-en-oaxaca-30-durante-contingencia","status":"publish","type":"post","link":"https:\/\/zonaroja.com.mx\/?p=14450","title":{"rendered":"Sube a 441 la cifra de feminicidios en Oaxaca; 30 durante contingencia"},"content":{"rendered":"\n<p>Evlin\nArag\u00f3n\/Zona Roja.<\/p>\n\n\n\n<p>Oaxaca\nde Ju\u00e1rez, Oax., 30 de junio de 2020.- La cifra de feminicidios en la entidad\noaxaque\u00f1a aument\u00f3 a 441 mujeres asesinadas de forma violenta en lo que va de la\nadministraci\u00f3n de Alejandro Murat Hinojosa, pese a los compromisos adquiridos\ndurante su campa\u00f1a pol\u00edtica, en que asegur\u00f3 que actuar\u00eda para atender la\nproblem\u00e1tica.<\/p>\n\n\n\n<p>As\u00ed\nlo dio a conocer la asociaci\u00f3n civil Consorcio Oaxaca, como parte del recuento\nque realiza con base a las informaciones publicadas en los principales medios\nde comunicaci\u00f3n y en el que refiere que 30 de los feminicidios se han\nregistrado durante la contingencia sanitaria, a partir del 21 de marzo de este\na\u00f1o.<\/p>\n\n\n\n<p>En\nlos m\u00e1s recientes casos se encuentra el asesinato violento -a machetazos- de\nVirginia y Julia, madre e hija, quienes fueron atacadas al interior de su\nvivienda, ubicada en la localidad de Pe\u00f1a Campana, una de las m\u00e1s marginadas\ndel municipio Huautla de Jim\u00e9nez.<\/p>\n\n\n\n<p>As\u00ed\nmismo, el asesinato de la estudiante Mar\u00eda Concepci\u00f3n A. C., de 17 a\u00f1os de\nedad, y su peque\u00f1o hijo, A. A., de un a\u00f1o con diez meses, cuyos cuerpos fueron\ncalcinados en un cerro de Ejutla de Crespo.<\/p>\n\n\n\n<p>Seg\u00fan\nel recuento de la organizaci\u00f3n feminista, 224 feminicidios se han registrado\nposterior a la Alerta de Violencia de G\u00e9nero emitida el 30 de agosto del 2018\nen 40 municipios de la entidad oaxaque\u00f1a, misma que inclu\u00eda un presupuesto que\nno se hizo p\u00fablico por parte de las autoridades estatales.<\/p>\n\n\n\n<p>Igualmente,\nse incluye 818 mujeres desaparecida, 299 casos de violencia sexual y 374 de\nviolencia familiar, entre otras, que en total dan una cifra de dos mil 54\nagresiones, en lo que va del sexenio de Murat Hinojosa, que de seguir as\u00ed se\nconvertir\u00e1 en el m\u00e1s violento para las mujeres con relaci\u00f3n a sus antecesores.<\/p>\n\n\n\n<p>Para\nlas integrantes de Consorcio Oaxaca, la complicidad e impunidad que impera en\nlas instituciones de gobierno en la entidad ha generado que la violencia\nfeminicida se siga perpetuando en perjuicio de las mujeres, sus familias y la\nsociedad en general.<\/p>\n\n\n\n<p>Por\nlo anterior, aseguraron que seguir\u00e1n denunciando la impunidad que impera en\nOaxaca, a\u00fan a pesar de que recientemente fueron v\u00edctimas de amenazas de muerte\nen su contra, debido a la labor que desde hace a\u00f1os realizan por visibilizar la\nviolencia de g\u00e9nero y feminicida en la entidad.&nbsp;\n<\/p>\n","protected":false},"excerpt":{"rendered":"<p>Evlin Arag\u00f3n\/Zona Roja. Oaxaca de Ju\u00e1rez, Oax., 30 de junio de 2020.- La cifra de&hellip;<\/p>\n","protected":false},"author":2,"featured_media":12920,"comment_status":"closed","ping_status":"open","sticky":false,"template":"","format":"standard","meta":{"_lmt_disableupdate":"","_lmt_disable":"","_jetpack_memberships_contains_paid_content":false,"footnotes":""},"categories":[109,51],"tags":[610],"class_list":["post-14450","post","type-post","status-publish","format-standard","has-post-thumbnail","hentry","category-minuto-a-minuto","category-zona-roja","tag-feminicidios-oaxaca"],"jetpack_featured_media_url":"https:\/\/zonaroja.com.mx\/wp-content\/uploads\/2020\/05\/Feminicidios-ni-una-m\u00e1s.png","jetpack_sharing_enabled":true,"_links":{"self":[{"href":"https:\/\/zonaroja.com.mx\/index.php?rest_route=\/wp\/v2\/posts\/14450","targetHints":{"allow":["GET"]}}],"collection":[{"href":"https:\/\/zonaroja.com.mx\/index.php?rest_route=\/wp\/v2\/posts"}],"about":[{"href":"https:\/\/zonaroja.com.mx\/index.php?rest_route=\/wp\/v2\/types\/post"}],"author":[{"embeddable":true,"href":"https:\/\/zonaroja.com.mx\/index.php?rest_route=\/wp\/v2\/users\/2"}],"replies":[{"embeddable":true,"href":"https:\/\/zonaroja.com.mx\/index.php?rest_route=%2Fwp%2Fv2%2Fcomments&post=14450"}],"version-history":[{"count":1,"href":"https:\/\/zonaroja.com.mx\/index.php?rest_route=\/wp\/v2\/posts\/14450\/revisions"}],"predecessor-version":[{"id":14451,"href":"https:\/\/zonaroja.com.mx\/index.php?rest_route=\/wp\/v2\/posts\/14450\/revisions\/14451"}],"wp:featuredmedia":[{"embeddable":true,"href":"https:\/\/zonaroja.com.mx\/index.php?rest_route=\/wp\/v2\/media\/12920"}],"wp:attachment":[{"href":"https:\/\/zonaroja.com.mx\/index.php?rest_route=%2Fwp%2Fv2%2Fmedia&parent=14450"}],"wp:term":[{"taxonomy":"category","embeddable":true,"href":"https:\/\/zonaroja.com.mx\/index.php?rest_route=%2Fwp%2Fv2%2Fcategories&post=14450"},{"taxonomy":"post_tag","embeddable":true,"href":"https:\/\/zonaroja.com.mx\/index.php?rest_route=%2Fwp%2Fv2%2Ftags&post=14450"}],"curies":[{"name":"wp","href":"https:\/\/api.w.org\/{rel}","templated":true}]}}