{"id":14452,"date":"2020-06-30T19:11:26","date_gmt":"2020-07-01T00:11:26","guid":{"rendered":"http:\/\/www.zonaroja.com.mx\/?p=14452"},"modified":"2020-06-30T19:11:29","modified_gmt":"2020-07-01T00:11:29","slug":"diputados-exigen-justicia-por-feminicidio-e-infanticidio-en-ejutla","status":"publish","type":"post","link":"https:\/\/zonaroja.com.mx\/?p=14452","title":{"rendered":"Diputados exigen justicia por feminicidio e infanticidio en Ejutla"},"content":{"rendered":"\n<p>Redacci\u00f3n\/Zona\nRoja.<\/p>\n\n\n\n<p>Oaxaca\nde Ju\u00e1rez, Oax., 30 de junio de 2020.- El diputado Horacio Sosa, en car\u00e1cter de\npresidente de la Junta de Coordinaci\u00f3n Pol\u00edtica del Congreso local, conden\u00f3 el\nlamentable feminicidio e infanticidio registrado en el distrito de Ejutla de\nCrespo.<\/p>\n\n\n\n<p>Asimismo,\npor estos hechos pidi\u00f3 a la Fiscal\u00eda General del Estado realizar una\ninvestigaci\u00f3n puntual con perspectiva de g\u00e9nero, tomando en cuenta los\nescenarios violentos en los que la v\u00edctima estuvo en contacto, antes, durante y\ndespu\u00e9s del crimen.<\/p>\n\n\n\n<p>En\neste sentido, la diputada Elisa Zepeda, quien preside la Comisi\u00f3n de Justicia\ndel Congreso local, reiter\u00f3 que la prioridad en este caso debe ser el\nseguimiento puntual del caso, el cual debe ser investigado como feminicidio,\nadem\u00e1s de brindar atenci\u00f3n a los familiares de las v\u00edctimas; cabe se\u00f1alar que\neste seguimiento ya fue aprobado por las y los diputados para garantizar\njusticia expedita en estos casos.<\/p>\n\n\n\n<p>Por\nsu parte, la diputada Magaly L\u00f3pez, presidenta de la Comisi\u00f3n Permanente de\nDerechos Humanos, dijo que este tipo de casos deben garantizar en todo momento\nlas garant\u00edas individuales de los familiares afectados, con la finalidad de no\nrevictimizar a las v\u00edctimas colaterales.<\/p>\n\n\n\n<p>De\nacuerdo a los hechos relatados una joven de 17 a\u00f1os, quien cursaba su educaci\u00f3n\nen el Colegio de Bachilleres del Estado de Oaxaca, y su beb\u00e9 de un a\u00f1o y 10\nmeses de edad, fueron asesinados y quemados en el cerro \u201cEl Mexicano\u201d,\nperteneciente a la comunidad de San Miguel en el municipio de Ejutla de Crespo.<\/p>\n\n\n\n<p>Seg\u00fan\ndatos recabados por el Grupo de Estudios sobre la Mujer \u201cRosario Castellanos\u201d,\nen la administraci\u00f3n de Alejandro Murat la violencia feminicida ha llegado a\n442 mujeres y ni\u00f1as quienes han sido asesinadas de manera violenta.<\/p>\n","protected":false},"excerpt":{"rendered":"<p>Redacci\u00f3n\/Zona Roja. Oaxaca de Ju\u00e1rez, Oax., 30 de junio de 2020.- El diputado Horacio Sosa,&hellip;<\/p>\n","protected":false},"author":2,"featured_media":14453,"comment_status":"closed","ping_status":"open","sticky":false,"template":"","format":"standard","meta":{"_lmt_disableupdate":"","_lmt_disable":"","_jetpack_memberships_contains_paid_content":false,"footnotes":""},"categories":[109,51],"tags":[702],"class_list":["post-14452","post","type-post","status-publish","format-standard","has-post-thumbnail","hentry","category-minuto-a-minuto","category-zona-roja","tag-ejutla-de-crespo"],"jetpack_featured_media_url":"https:\/\/zonaroja.com.mx\/wp-content\/uploads\/2020\/06\/Feminicidio-e-infanticidio-Ejutla-3.jpg","jetpack_sharing_enabled":true,"_links":{"self":[{"href":"https:\/\/zonaroja.com.mx\/index.php?rest_route=\/wp\/v2\/posts\/14452","targetHints":{"allow":["GET"]}}],"collection":[{"href":"https:\/\/zonaroja.com.mx\/index.php?rest_route=\/wp\/v2\/posts"}],"about":[{"href":"https:\/\/zonaroja.com.mx\/index.php?rest_route=\/wp\/v2\/types\/post"}],"author":[{"embeddable":true,"href":"https:\/\/zonaroja.com.mx\/index.php?rest_route=\/wp\/v2\/users\/2"}],"replies":[{"embeddable":true,"href":"https:\/\/zonaroja.com.mx\/index.php?rest_route=%2Fwp%2Fv2%2Fcomments&post=14452"}],"version-history":[{"count":1,"href":"https:\/\/zonaroja.com.mx\/index.php?rest_route=\/wp\/v2\/posts\/14452\/revisions"}],"predecessor-version":[{"id":14454,"href":"https:\/\/zonaroja.com.mx\/index.php?rest_route=\/wp\/v2\/posts\/14452\/revisions\/14454"}],"wp:featuredmedia":[{"embeddable":true,"href":"https:\/\/zonaroja.com.mx\/index.php?rest_route=\/wp\/v2\/media\/14453"}],"wp:attachment":[{"href":"https:\/\/zonaroja.com.mx\/index.php?rest_route=%2Fwp%2Fv2%2Fmedia&parent=14452"}],"wp:term":[{"taxonomy":"category","embeddable":true,"href":"https:\/\/zonaroja.com.mx\/index.php?rest_route=%2Fwp%2Fv2%2Fcategories&post=14452"},{"taxonomy":"post_tag","embeddable":true,"href":"https:\/\/zonaroja.com.mx\/index.php?rest_route=%2Fwp%2Fv2%2Ftags&post=14452"}],"curies":[{"name":"wp","href":"https:\/\/api.w.org\/{rel}","templated":true}]}}