{"id":14455,"date":"2020-06-30T20:43:45","date_gmt":"2020-07-01T01:43:45","guid":{"rendered":"http:\/\/www.zonaroja.com.mx\/?p=14455"},"modified":"2020-06-30T20:43:52","modified_gmt":"2020-07-01T01:43:52","slug":"despiden-a-conchita-y-su-bebe-en-medio-de-exigencias-por-justicia","status":"publish","type":"post","link":"https:\/\/zonaroja.com.mx\/?p=14455","title":{"rendered":"Despiden a Conchita y su beb\u00e9, en medio de exigencias por justicia"},"content":{"rendered":"\n<p>Yuridiana\nSosa\/Zona Roja.<\/p>\n\n\n\n<p>Oaxaca\nde Ju\u00e1rez, Oax., 30 de junio de 2020.- Flores blancas y globos. Tristeza por\ndoquier, a pesar de los aplausos y las porras. En el patio de la sencilla\nvivienda yacen dos f\u00e9retros blancos. La adolescente y su beb\u00e9.<\/p>\n\n\n\n<p>En\nSan Miguel, Ejutla de Crespo, se respira nostalgia; duelo, rabia. El asesinato\nde Conchita y su beb\u00e9 reuni\u00f3 nuevamente a la comunidad para despedirlos y para\nexigir justicia por el atroz hecho.<\/p>\n\n\n\n<p>El\npatio donde disfrutaron juntos como mam\u00e1 e hijo los volvi\u00f3 a recibir, pero\nahora dentro de ata\u00fades blancos, uno junto del otro, rodeados por decenas de\namigos y familiares que no daban cr\u00e9dito a lo que ve\u00edan.<\/p>\n\n\n\n<p>Mar\u00eda\nConcepci\u00f3n A. C., de 17 a\u00f1os de edad, estudiante del Cobao, y su peque\u00f1o hijo,\nAlexander A., de un a\u00f1o con diez meses, fueron calcinados el domingo en el\ncerro \u201cEl Mexicano\u201d, de ese municipio de Valles Centrales.<\/p>\n\n\n\n<p>Martes al mediod\u00eda, el pueblo zapoteca de luto. J\u00f3venes, ni\u00f1os, adultos y personas de la tercera edad rompieron la cuarentena e inundaron la casa de la adolescente; flores y globos blancos simbolizaron la dolorosa despedida de las j\u00f3venes vidas, una apenas comenzaba.<\/p>\n\n\n\n<figure class=\"wp-block-embed-twitter wp-block-embed is-type-rich is-provider-twitter\"><div class=\"wp-block-embed__wrapper\">\n<div class=\"twitter-tweet\"><blockquote class=\"twitter-tweet\" data-lang=\"es\"><p lang=\"es\" dir=\"ltr\"><a href=\"https:\/\/twitter.com\/hashtag\/JusticiaParaConchita?src=hash&amp;ref_src=twsrc%5Etfw\">#JusticiaParaConchita<\/a> <a href=\"https:\/\/twitter.com\/hashtag\/JusticiaParaAlexander?src=hash&amp;ref_src=twsrc%5Etfw\">#JusticiaParaAlexander<\/a><br>Entre porras y aplausos fueron despedidas hoy la estudiante del <a href=\"https:\/\/twitter.com\/COBAO_GobOax?ref_src=twsrc%5Etfw\">@COBAO_GobOax<\/a> y su beb\u00e9 en San Miguel, <a href=\"https:\/\/twitter.com\/hashtag\/Ejutla?src=hash&amp;ref_src=twsrc%5Etfw\">#Ejutla<\/a>, <a href=\"https:\/\/twitter.com\/hashtag\/Oaxaca?src=hash&amp;ref_src=twsrc%5Etfw\">#Oaxaca<\/a>; fueron asesinados y calcinados el pasado domingo. <a href=\"https:\/\/t.co\/zwYfZdkyFi\">pic.twitter.com\/zwYfZdkyFi<\/a><\/p>&mdash; Zona Roja Oaxaca (@MexRoja) <a href=\"https:\/\/twitter.com\/MexRoja\/status\/1278126703202586624?ref_src=twsrc%5Etfw\">1 de julio de 2020<\/a><\/blockquote><\/div>\n<\/div><\/figure>\n\n\n\n<p>Sobre\nla calle, la m\u00fasica de banda tocaba canciones de duelo y despedida para\nConchita, como la conoc\u00edan en su pueblo, y donde la vieron por \u00faltima vez el\npasado domingo a bordo de un mototaxi junto con su beb\u00e9, seg\u00fan las primeras\ninvestigaciones.<\/p>\n\n\n\n<p>Antes\nde darle el \u00faltimo adi\u00f3s, el silencio que invad\u00eda el patio aglomerado de\nrostros desencajados se rompi\u00f3 ante el grito de una joven mujer frente al ata\u00fad\nde Mar\u00eda Concepci\u00f3n.<\/p>\n\n\n\n<p>\u201c\u00a1Justicia\npara Conchita!, \u00a1justicia para Alexander!\u201d, pronunci\u00f3 la joven, a quien los\nasistentes le replicaron. Despu\u00e9s, tambi\u00e9n vinieron las porras para madre e\nhijo y a pesar del dolor, tambi\u00e9n brindaron por las alegr\u00edas que Conchita y\nAlexander.<\/p>\n\n\n\n<p>La\njoven madre es una de las 30 v\u00edctimas de feminicidio en Oaxaca durante la\ncontingencia sanitaria, donde el grado de violencia contra las mujeres se\nagrava y la justicia se hace m\u00e1s lenta y dolorosa.<\/p>\n\n\n\n<p>\u201cNos\nllena de dolor, nos llena de tristeza este tan lamentable acontecimiento.\nAlexander no deb\u00eda ser torturada de esa manera. <\/p>\n\n\n\n<p>\u201cLe\npido a Dios que esta lamentable acci\u00f3n tenga una justicia. Mi amigo Juan,\nse\u00f1ora Martha, tienen mi respaldo y siempre les apoyar\u00e9\u201d, las palabras del\nedil.<\/p>\n\n\n\n<p>\u201c\u00a1Viva Conchita! \u00a1Viva Alexander! \u00a1Justicia! \u201c\u00a1Triqui tri-tri, ra! \u00a1Triqui tri-tri, ra!\u201d \u00a1Conchita, Conchita, ra-ra-ra!\u2026 Una \u201cDiana\u201d y fuerte aplauso cerraron el triste d\u00eda de despedida final para la adolescente y su beb\u00e9. <\/p>\n\n\n\n<figure class=\"wp-block-image\"><img decoding=\"async\" width=\"640\" height=\"480\" src=\"http:\/\/www.zonaroja.com.mx\/wp-content\/uploads\/2020\/06\/Feminicidio-e-infanticidio-Ejutla-1.jpg\" alt=\"\" class=\"wp-image-14457\" srcset=\"https:\/\/zonaroja.com.mx\/wp-content\/uploads\/2020\/06\/Feminicidio-e-infanticidio-Ejutla-1.jpg 640w, https:\/\/zonaroja.com.mx\/wp-content\/uploads\/2020\/06\/Feminicidio-e-infanticidio-Ejutla-1-300x225.jpg 300w, https:\/\/zonaroja.com.mx\/wp-content\/uploads\/2020\/06\/Feminicidio-e-infanticidio-Ejutla-1-585x439.jpg 585w\" sizes=\"(max-width: 640px) 100vw, 640px\" \/><\/figure>\n","protected":false},"excerpt":{"rendered":"<p>Yuridiana Sosa\/Zona Roja. Oaxaca de Ju\u00e1rez, Oax., 30 de junio de 2020.- Flores blancas y&hellip;<\/p>\n","protected":false},"author":2,"featured_media":14456,"comment_status":"closed","ping_status":"open","sticky":false,"template":"","format":"standard","meta":{"_lmt_disableupdate":"","_lmt_disable":"","_jetpack_memberships_contains_paid_content":false,"footnotes":""},"categories":[109,51],"tags":[702],"class_list":["post-14455","post","type-post","status-publish","format-standard","has-post-thumbnail","hentry","category-minuto-a-minuto","category-zona-roja","tag-ejutla-de-crespo"],"jetpack_featured_media_url":"https:\/\/zonaroja.com.mx\/wp-content\/uploads\/2020\/06\/Feminicidio-e-infanticidio-Ejutla-2.jpg","jetpack_sharing_enabled":true,"_links":{"self":[{"href":"https:\/\/zonaroja.com.mx\/index.php?rest_route=\/wp\/v2\/posts\/14455","targetHints":{"allow":["GET"]}}],"collection":[{"href":"https:\/\/zonaroja.com.mx\/index.php?rest_route=\/wp\/v2\/posts"}],"about":[{"href":"https:\/\/zonaroja.com.mx\/index.php?rest_route=\/wp\/v2\/types\/post"}],"author":[{"embeddable":true,"href":"https:\/\/zonaroja.com.mx\/index.php?rest_route=\/wp\/v2\/users\/2"}],"replies":[{"embeddable":true,"href":"https:\/\/zonaroja.com.mx\/index.php?rest_route=%2Fwp%2Fv2%2Fcomments&post=14455"}],"version-history":[{"count":1,"href":"https:\/\/zonaroja.com.mx\/index.php?rest_route=\/wp\/v2\/posts\/14455\/revisions"}],"predecessor-version":[{"id":14458,"href":"https:\/\/zonaroja.com.mx\/index.php?rest_route=\/wp\/v2\/posts\/14455\/revisions\/14458"}],"wp:featuredmedia":[{"embeddable":true,"href":"https:\/\/zonaroja.com.mx\/index.php?rest_route=\/wp\/v2\/media\/14456"}],"wp:attachment":[{"href":"https:\/\/zonaroja.com.mx\/index.php?rest_route=%2Fwp%2Fv2%2Fmedia&parent=14455"}],"wp:term":[{"taxonomy":"category","embeddable":true,"href":"https:\/\/zonaroja.com.mx\/index.php?rest_route=%2Fwp%2Fv2%2Fcategories&post=14455"},{"taxonomy":"post_tag","embeddable":true,"href":"https:\/\/zonaroja.com.mx\/index.php?rest_route=%2Fwp%2Fv2%2Ftags&post=14455"}],"curies":[{"name":"wp","href":"https:\/\/api.w.org\/{rel}","templated":true}]}}