{"id":14459,"date":"2020-06-30T21:52:49","date_gmt":"2020-07-01T02:52:49","guid":{"rendered":"http:\/\/www.zonaroja.com.mx\/?p=14459"},"modified":"2020-06-30T21:52:53","modified_gmt":"2020-07-01T02:52:53","slug":"matan-a-un-trabajador-jubilado-en-salina-cruz","status":"publish","type":"post","link":"https:\/\/zonaroja.com.mx\/?p=14459","title":{"rendered":"Matan a un trabajador jubilado en Salina Cruz"},"content":{"rendered":"\n<p>Redacci\u00f3n\/Zona Roja.<\/p>\n\n\n\n<p>Oaxaca de Ju\u00e1rez, Oax., 30 de junio de 2020.- Una persona de\nedad avanzada fue asesinada en su domicilio, en la ciudad y puerto de Salina\nCruz, Oaxaca.<\/p>\n\n\n\n<p>Don Venustiano del Carmen S. M., de 62 a\u00f1os de edad, hab\u00eda\nsido reportado como desaparecido desde el pasado s\u00e1bado; sin embargo, fue hasta\nhoy en que fue descubierto su cad\u00e1ver, en estado de putrefacci\u00f3n.<\/p>\n\n\n\n<p>Familiares dieron aviso al Ministerio P\u00fablico que en una\ncasa de la calzada Del Pante\u00f3n, colonia San Juan, desped\u00eda olores f\u00e9tidos; tras\nla revisi\u00f3n, hallaron el cuerpo del individuo, con huellas de violencia; era\ntrabajador jubilado de Petr\u00f3leos Mexicanos y hasta el momento se desconoce el\nm\u00f3vil del crimen.<\/p>\n\n\n\n<p>Mientras tanto, en el centro de la ciudad de Juchit\u00e1n de\nZaragoza, un sujeto armado asalt\u00f3 la tienda Coppel Canad\u00e1, ubicada en la\navenida 5 de Septiembre; tras amagar a los empleados, de acuerdo con los\nprimeros informes, se apoder\u00f3 de 80 mil pesos y huy\u00f3.<\/p>\n\n\n\n<p>Y en San Juan Bautista Tuxtepec, sujetos desconocidos\natacaron a balazos a una persona del sexo masculino, en la colonia Las Flores.<\/p>\n\n\n\n<p>La v\u00edctima fue identificada como \u00c1lvaro R. M., de 53 a\u00f1os\nde edad, quien presentaba una herida en el cuello producida por disparo de arma\nde fuego, por lo cual fue trasladado a una cl\u00ednica.<\/p>\n","protected":false},"excerpt":{"rendered":"<p>Redacci\u00f3n\/Zona Roja. Oaxaca de Ju\u00e1rez, Oax., 30 de junio de 2020.- Una persona de edad&hellip;<\/p>\n","protected":false},"author":2,"featured_media":7500,"comment_status":"closed","ping_status":"open","sticky":false,"template":"","format":"standard","meta":{"_lmt_disableupdate":"","_lmt_disable":"","_jetpack_memberships_contains_paid_content":false,"footnotes":""},"categories":[109,51],"tags":[168],"class_list":["post-14459","post","type-post","status-publish","format-standard","has-post-thumbnail","hentry","category-minuto-a-minuto","category-zona-roja","tag-salina-cruz"],"jetpack_featured_media_url":"https:\/\/zonaroja.com.mx\/wp-content\/uploads\/2020\/01\/Escena-del-crimen5.jpg","jetpack_sharing_enabled":true,"_links":{"self":[{"href":"https:\/\/zonaroja.com.mx\/index.php?rest_route=\/wp\/v2\/posts\/14459","targetHints":{"allow":["GET"]}}],"collection":[{"href":"https:\/\/zonaroja.com.mx\/index.php?rest_route=\/wp\/v2\/posts"}],"about":[{"href":"https:\/\/zonaroja.com.mx\/index.php?rest_route=\/wp\/v2\/types\/post"}],"author":[{"embeddable":true,"href":"https:\/\/zonaroja.com.mx\/index.php?rest_route=\/wp\/v2\/users\/2"}],"replies":[{"embeddable":true,"href":"https:\/\/zonaroja.com.mx\/index.php?rest_route=%2Fwp%2Fv2%2Fcomments&post=14459"}],"version-history":[{"count":1,"href":"https:\/\/zonaroja.com.mx\/index.php?rest_route=\/wp\/v2\/posts\/14459\/revisions"}],"predecessor-version":[{"id":14460,"href":"https:\/\/zonaroja.com.mx\/index.php?rest_route=\/wp\/v2\/posts\/14459\/revisions\/14460"}],"wp:featuredmedia":[{"embeddable":true,"href":"https:\/\/zonaroja.com.mx\/index.php?rest_route=\/wp\/v2\/media\/7500"}],"wp:attachment":[{"href":"https:\/\/zonaroja.com.mx\/index.php?rest_route=%2Fwp%2Fv2%2Fmedia&parent=14459"}],"wp:term":[{"taxonomy":"category","embeddable":true,"href":"https:\/\/zonaroja.com.mx\/index.php?rest_route=%2Fwp%2Fv2%2Fcategories&post=14459"},{"taxonomy":"post_tag","embeddable":true,"href":"https:\/\/zonaroja.com.mx\/index.php?rest_route=%2Fwp%2Fv2%2Ftags&post=14459"}],"curies":[{"name":"wp","href":"https:\/\/api.w.org\/{rel}","templated":true}]}}