{"id":14461,"date":"2020-06-30T22:11:07","date_gmt":"2020-07-01T03:11:07","guid":{"rendered":"http:\/\/www.zonaroja.com.mx\/?p=14461"},"modified":"2020-06-30T22:11:10","modified_gmt":"2020-07-01T03:11:10","slug":"termina-junio-en-oaxaca-con-semaforo-rojo-por-covid","status":"publish","type":"post","link":"https:\/\/zonaroja.com.mx\/?p=14461","title":{"rendered":"Termina junio en Oaxaca con sem\u00e1foro rojo por Covid"},"content":{"rendered":"\n<p>Redacci\u00f3n\/Zona Roja.<\/p>\n\n\n\n<p>Oaxaca de Ju\u00e1rez, Oax. 30 de junio de 2020.- Los Servicios\nde Salud de Oaxaca (SSO) informaron que este 30 de junio se registraron 172\nnuevos contagios de Covid-19 y nueve decesos.<\/p>\n\n\n\n<p>Al cierre de junio, la dependencia del Gobierno del Estado\nadvirti\u00f3 en un comunicado:<\/p>\n\n\n\n<p>\u201cS\u00ed la poblaci\u00f3n contin\u00faa aplicando de manera responsable\ny estricta las acciones de protecci\u00f3n sanitaria, se podr\u00e1 transitar de la\nalerta roja \u2018m\u00e1ximo riesgo de contagio\u2019, a la naranja \u2018alto riesgo\u2019 del\nsem\u00e1foro nacional epidemiol\u00f3gico, para as\u00ed reactivar la econom\u00eda del estado.<\/p>\n\n\n\n<p>\u201cPara evitar una nueva ola de contagios acelerados, se\nrequiere m\u00e1s disciplina en las medidas de higiene y sana distancia\u201d.<\/p>\n\n\n\n<p>Expuso que es necesaria la participaci\u00f3n activa de la\npoblaci\u00f3n en las conductas de protecci\u00f3n sanitaria, para mantener por debajo\ndel umbral de saturaci\u00f3n al sistema de Salud, evitar el incremento de muertes y\nreducir la trasmisi\u00f3n del virus.<\/p>\n\n\n\n<p>Inform\u00f3 que el momento se tienen a 579 pacientes que\ncursan la enfermedad en etapa activa, cifra que representa hasta el momento cinco\nmil 347 personas que se han contagiado de la patolog\u00eda v\u00edrica desde el pasado\n14 de marzo del presente a\u00f1o.<\/p>\n\n\n\n<p>Indic\u00f3 que se han realizado nueve mil 663 pruebas, de las\ncuales el n\u00famero de negativos alcanz\u00f3 los 3 mil 121 an\u00e1lisis y mil 195\nsospechosos, estos \u00faltimos en espera de resultados por laboratorio; asimismo,\nse tiene un acumulado de 593 perdidas fatales en todo el territorio estatal.<\/p>\n\n\n\n<p>Expuso que del global de fallecimientos, el 65%\ncorresponde al sexo masculino, siendo el grupo de edad m\u00e1s afectado a partir de\nlos 50 a\u00f1os, con un registro de 470 decesos, principalmente por complicaciones\nasociadas a la diabetes mellitus, hipertensi\u00f3n arterial y obesidad.<\/p>\n\n\n\n<p>Mencion\u00f3 que la zona de Valles Centrales notific\u00f3 tres mil\n620 confirmados, Tuxtepec 703, el Istmo tiene 368, la Mixteca 321, la Costa 212\ny la Sierra (Norte) 123 positivos.<\/p>\n\n\n\n<p>Del total de pacientes durante la emergencia sanitaria,\nmil 442 han requerido hospitalizaci\u00f3n y 3 mil 905 aislamiento domiciliario,\nestos \u00faltimos realizando los protocolos de sanidad establecidos por los\nm\u00e9dicos. A la fecha se tiene el reporte del 54.6% de ocupaci\u00f3n hospitalaria.<\/p>\n","protected":false},"excerpt":{"rendered":"<p>Redacci\u00f3n\/Zona Roja. Oaxaca de Ju\u00e1rez, Oax. 30 de junio de 2020.- Los Servicios de Salud&hellip;<\/p>\n","protected":false},"author":2,"featured_media":14462,"comment_status":"closed","ping_status":"open","sticky":false,"template":"","format":"standard","meta":{"_lmt_disableupdate":"","_lmt_disable":"","_jetpack_memberships_contains_paid_content":false,"footnotes":""},"categories":[109,47],"tags":[1512],"class_list":["post-14461","post","type-post","status-publish","format-standard","has-post-thumbnail","hentry","category-minuto-a-minuto","category-zona-gris","tag-coronavirus-oaxaca"],"jetpack_featured_media_url":"https:\/\/zonaroja.com.mx\/wp-content\/uploads\/2020\/06\/GR\u00c1FICA-01.jpeg","jetpack_sharing_enabled":true,"_links":{"self":[{"href":"https:\/\/zonaroja.com.mx\/index.php?rest_route=\/wp\/v2\/posts\/14461","targetHints":{"allow":["GET"]}}],"collection":[{"href":"https:\/\/zonaroja.com.mx\/index.php?rest_route=\/wp\/v2\/posts"}],"about":[{"href":"https:\/\/zonaroja.com.mx\/index.php?rest_route=\/wp\/v2\/types\/post"}],"author":[{"embeddable":true,"href":"https:\/\/zonaroja.com.mx\/index.php?rest_route=\/wp\/v2\/users\/2"}],"replies":[{"embeddable":true,"href":"https:\/\/zonaroja.com.mx\/index.php?rest_route=%2Fwp%2Fv2%2Fcomments&post=14461"}],"version-history":[{"count":1,"href":"https:\/\/zonaroja.com.mx\/index.php?rest_route=\/wp\/v2\/posts\/14461\/revisions"}],"predecessor-version":[{"id":14463,"href":"https:\/\/zonaroja.com.mx\/index.php?rest_route=\/wp\/v2\/posts\/14461\/revisions\/14463"}],"wp:featuredmedia":[{"embeddable":true,"href":"https:\/\/zonaroja.com.mx\/index.php?rest_route=\/wp\/v2\/media\/14462"}],"wp:attachment":[{"href":"https:\/\/zonaroja.com.mx\/index.php?rest_route=%2Fwp%2Fv2%2Fmedia&parent=14461"}],"wp:term":[{"taxonomy":"category","embeddable":true,"href":"https:\/\/zonaroja.com.mx\/index.php?rest_route=%2Fwp%2Fv2%2Fcategories&post=14461"},{"taxonomy":"post_tag","embeddable":true,"href":"https:\/\/zonaroja.com.mx\/index.php?rest_route=%2Fwp%2Fv2%2Ftags&post=14461"}],"curies":[{"name":"wp","href":"https:\/\/api.w.org\/{rel}","templated":true}]}}