{"id":14464,"date":"2020-07-01T08:02:59","date_gmt":"2020-07-01T13:02:59","guid":{"rendered":"http:\/\/www.zonaroja.com.mx\/?p=14464"},"modified":"2020-07-01T08:03:02","modified_gmt":"2020-07-01T13:03:02","slug":"inicia-hoy-periodo-ordinario-de-sesiones-del-congreso-local","status":"publish","type":"post","link":"https:\/\/zonaroja.com.mx\/?p=14464","title":{"rendered":"Inicia hoy periodo ordinario de sesiones del Congreso local"},"content":{"rendered":"\n<p>Redacci\u00f3n\/Zona Roja.<\/p>\n\n\n\n<p>Oaxaca de Ju\u00e1rez, Oax., 1 de julio de 2020.- Con estrictas\nmedidas de sanidad, este mi\u00e9rcoles la 64 Legislatura de Oaxaca iniciar\u00e1 su\nsegundo periodo ordinario de sesiones del segundo a\u00f1o de ejercicio legal,\nprevio a la clausura de la Diputaci\u00f3n Permanente.<\/p>\n\n\n\n<p>La v\u00edspera, el Congreso del Estado reforz\u00f3 las medidas\nsanitarias para evitar propagaci\u00f3n del virus Covid-19 y salvaguardar la salud\ndel personal que labora en estas instalaciones, as\u00ed como de los usuarios que\nacuden a las mismas.<\/p>\n\n\n\n<p>En un comunicado, inform\u00f3 que como parte de estas medidas,\nse encuentra un filtro sanitario en el ingreso a las instalaciones del Poder\nLegislativo, donde personal de seguridad y resguardo toma la temperatura al\npersonal que labora en este Congreso, as\u00ed como a las personas que visitan este\nrecinto.<\/p>\n\n\n\n<p>De igual forma, el lavado de manos es un paso fundamental\nen este filtro, por lo que es una de m\u00e1s medidas de mitigaci\u00f3n obligatorias.<\/p>\n\n\n\n<p>El uso de gel antibacterial y el uso obligatorio de\ncubrebocas es otro de los requisitos para poder entrar al Congreso local, cabe\nse\u00f1alar que estas medidas obedecen a una disposici\u00f3n oficial por parte del\nsector salud y que tienen la finalidad \u00fanica de salvaguardar la salud de las y\nlos oaxaque\u00f1os.<\/p>\n\n\n\n<p>Aunado a ello y de manera reciente se agreg\u00f3 la\ninstalaci\u00f3n de tapetes sanitizantes, y en d\u00edas previos se realiz\u00f3 por segunda\nocasi\u00f3n la sanitizaci\u00f3n de las oficinas de las y los diputados, as\u00ed como de las\n\u00e1reas comunes, por lo que se ha reducido la posibilidad de propagaci\u00f3n del\nvirus.<\/p>\n\n\n\n<p>La sesi\u00f3n presencial de la Diputaci\u00f3n Permanente est\u00e1\nprogramada a las 10:00 horas y a las 11:00, el inicio del segundo periodo\nordinario de sesiones del pleno.<\/p>\n","protected":false},"excerpt":{"rendered":"<p>Redacci\u00f3n\/Zona Roja. Oaxaca de Ju\u00e1rez, Oax., 1 de julio de 2020.- Con estrictas medidas de&hellip;<\/p>\n","protected":false},"author":2,"featured_media":14465,"comment_status":"closed","ping_status":"open","sticky":false,"template":"","format":"standard","meta":{"_lmt_disableupdate":"","_lmt_disable":"","_jetpack_memberships_contains_paid_content":false,"footnotes":""},"categories":[109,46],"tags":[213],"class_list":["post-14464","post","type-post","status-publish","format-standard","has-post-thumbnail","hentry","category-minuto-a-minuto","category-zona-blanca","tag-64-legislatura-de-oaxaca"],"jetpack_featured_media_url":"https:\/\/zonaroja.com.mx\/wp-content\/uploads\/2020\/07\/Congreso-oaxaquen\u0303o-redobla-medidas-de-seguridad-sanitaria-04.jpeg","jetpack_sharing_enabled":true,"_links":{"self":[{"href":"https:\/\/zonaroja.com.mx\/index.php?rest_route=\/wp\/v2\/posts\/14464","targetHints":{"allow":["GET"]}}],"collection":[{"href":"https:\/\/zonaroja.com.mx\/index.php?rest_route=\/wp\/v2\/posts"}],"about":[{"href":"https:\/\/zonaroja.com.mx\/index.php?rest_route=\/wp\/v2\/types\/post"}],"author":[{"embeddable":true,"href":"https:\/\/zonaroja.com.mx\/index.php?rest_route=\/wp\/v2\/users\/2"}],"replies":[{"embeddable":true,"href":"https:\/\/zonaroja.com.mx\/index.php?rest_route=%2Fwp%2Fv2%2Fcomments&post=14464"}],"version-history":[{"count":1,"href":"https:\/\/zonaroja.com.mx\/index.php?rest_route=\/wp\/v2\/posts\/14464\/revisions"}],"predecessor-version":[{"id":14466,"href":"https:\/\/zonaroja.com.mx\/index.php?rest_route=\/wp\/v2\/posts\/14464\/revisions\/14466"}],"wp:featuredmedia":[{"embeddable":true,"href":"https:\/\/zonaroja.com.mx\/index.php?rest_route=\/wp\/v2\/media\/14465"}],"wp:attachment":[{"href":"https:\/\/zonaroja.com.mx\/index.php?rest_route=%2Fwp%2Fv2%2Fmedia&parent=14464"}],"wp:term":[{"taxonomy":"category","embeddable":true,"href":"https:\/\/zonaroja.com.mx\/index.php?rest_route=%2Fwp%2Fv2%2Fcategories&post=14464"},{"taxonomy":"post_tag","embeddable":true,"href":"https:\/\/zonaroja.com.mx\/index.php?rest_route=%2Fwp%2Fv2%2Ftags&post=14464"}],"curies":[{"name":"wp","href":"https:\/\/api.w.org\/{rel}","templated":true}]}}