{"id":14467,"date":"2020-07-01T08:10:04","date_gmt":"2020-07-01T13:10:04","guid":{"rendered":"http:\/\/www.zonaroja.com.mx\/?p=14467"},"modified":"2020-07-01T08:10:09","modified_gmt":"2020-07-01T13:10:09","slug":"incesante-la-exigencia-de-justicia-por-feminicidios-de-indigenas-mazatecas","status":"publish","type":"post","link":"https:\/\/zonaroja.com.mx\/?p=14467","title":{"rendered":"Incesante, la exigencia de justicia por feminicidios de ind\u00edgenas mazatecas"},"content":{"rendered":"\n<p>Yuridiana Sosa\/Zona Roja.<\/p>\n\n\n\n<p>Oaxaca de Ju\u00e1rez, Oax., 1 de julio de 2020.- Cada vez son\nm\u00e1s las voces que exigen justicia por el doble feminicidio contra madre e hija,\nind\u00edgenas mazatecas, en Huautla de Jim\u00e9nez, el pasado 22 de junio, a la que\nGrupo de mujeres-MAPOC se uni\u00f3 a la demanda pendiente contra la violencia\nfeminicida en Oaxaca.<\/p>\n\n\n\n<p>\u201c\u00a1Justicia para todas las mujeres asesinadas que han sido\nolvidadas en la mazateca! \u00a1Ni una mujer asesinada m\u00e1s!\u201d, reclam\u00f3 en un\ncomunicado que emiti\u00f3 la organizaci\u00f3n en defensa de los derechos de las\nmujeres.<\/p>\n\n\n\n<p>Madre e hija, Julia de 43 a\u00f1os y Virginia de 89 a\u00f1os de\nedad, habitantes de la comunidad de Pe\u00f1a Campana, Huautla de Jim\u00e9nez, en la\nregi\u00f3n Ca\u00f1ada, fueron masacradas y halladas entre unos cafetales con huellas de\ntortura.<\/p>\n\n\n\n<p>La organizaci\u00f3n se\u00f1al\u00f3 que la violencia que se vive \u201cno se\ntrata s\u00f3lo de hombres violentando a las mujeres, se trata de instituciones y\ngobiernos de todos los niveles siendo juez y parte\u201d.<\/p>\n\n\n\n<p>En un comunicado, asegur\u00f3 \u201cno dejaremos de mencionar y\nse\u00f1alar que los asesinos de los feminicidios ocurridos en nuestro municipio\nsiguen impunes, ninguna autoridad en ning\u00fan trienio ha hecho justicia a la vida\nde las mujeres asesinadas\u201d.<\/p>\n\n\n\n<p>Lament\u00f3 que tambi\u00e9n en los feminicidios existe el\noportunismo pol\u00edtico, que tratan de lucrar con Julia y Virginia, cuando deciden\nqu\u00e9 muertes si merecen relevancia y cu\u00e1les no, \u201ccuando deciden levantar la voz\npara aprovechar una oportunidad, para tomar revancha pol\u00edtica, cuando han\ncallado ante otros cr\u00edmenes y feminicidios porque de esas muertes no pueden\nbeneficiarse\u201d.<\/p>\n\n\n\n<p>El grupo sentenci\u00f3 que continuar\u00e1n alzando la voz para que\nno se olviden sus nombres y haya justicia.<\/p>\n","protected":false},"excerpt":{"rendered":"<p>Yuridiana Sosa\/Zona Roja. Oaxaca de Ju\u00e1rez, Oax., 1 de julio de 2020.- Cada vez son&hellip;<\/p>\n","protected":false},"author":2,"featured_media":14416,"comment_status":"closed","ping_status":"open","sticky":false,"template":"","format":"standard","meta":{"_lmt_disableupdate":"","_lmt_disable":"","_jetpack_memberships_contains_paid_content":false,"footnotes":""},"categories":[109,51],"tags":[203],"class_list":["post-14467","post","type-post","status-publish","format-standard","has-post-thumbnail","hentry","category-minuto-a-minuto","category-zona-roja","tag-huautla-de-jimenez"],"jetpack_featured_media_url":"https:\/\/zonaroja.com.mx\/wp-content\/uploads\/2020\/06\/Julia-y-Virginia-Huautla.jpg","jetpack_sharing_enabled":true,"_links":{"self":[{"href":"https:\/\/zonaroja.com.mx\/index.php?rest_route=\/wp\/v2\/posts\/14467","targetHints":{"allow":["GET"]}}],"collection":[{"href":"https:\/\/zonaroja.com.mx\/index.php?rest_route=\/wp\/v2\/posts"}],"about":[{"href":"https:\/\/zonaroja.com.mx\/index.php?rest_route=\/wp\/v2\/types\/post"}],"author":[{"embeddable":true,"href":"https:\/\/zonaroja.com.mx\/index.php?rest_route=\/wp\/v2\/users\/2"}],"replies":[{"embeddable":true,"href":"https:\/\/zonaroja.com.mx\/index.php?rest_route=%2Fwp%2Fv2%2Fcomments&post=14467"}],"version-history":[{"count":1,"href":"https:\/\/zonaroja.com.mx\/index.php?rest_route=\/wp\/v2\/posts\/14467\/revisions"}],"predecessor-version":[{"id":14468,"href":"https:\/\/zonaroja.com.mx\/index.php?rest_route=\/wp\/v2\/posts\/14467\/revisions\/14468"}],"wp:featuredmedia":[{"embeddable":true,"href":"https:\/\/zonaroja.com.mx\/index.php?rest_route=\/wp\/v2\/media\/14416"}],"wp:attachment":[{"href":"https:\/\/zonaroja.com.mx\/index.php?rest_route=%2Fwp%2Fv2%2Fmedia&parent=14467"}],"wp:term":[{"taxonomy":"category","embeddable":true,"href":"https:\/\/zonaroja.com.mx\/index.php?rest_route=%2Fwp%2Fv2%2Fcategories&post=14467"},{"taxonomy":"post_tag","embeddable":true,"href":"https:\/\/zonaroja.com.mx\/index.php?rest_route=%2Fwp%2Fv2%2Ftags&post=14467"}],"curies":[{"name":"wp","href":"https:\/\/api.w.org\/{rel}","templated":true}]}}