{"id":14469,"date":"2020-07-01T09:29:43","date_gmt":"2020-07-01T14:29:43","guid":{"rendered":"http:\/\/www.zonaroja.com.mx\/?p=14469"},"modified":"2020-07-01T09:29:48","modified_gmt":"2020-07-01T14:29:48","slug":"exige-legislativo-transparencia-de-recursos-para-municipios-afectados-por-sismo","status":"publish","type":"post","link":"https:\/\/zonaroja.com.mx\/?p=14469","title":{"rendered":"Exige Legislativo transparencia de recursos para municipios afectados por sismo"},"content":{"rendered":"\n<p>Redaci\u00f3n\/Zona Roja.<\/p>\n\n\n\n<p>Oaxaca de Ju\u00e1rez, Oax. 1 de julio de 2020.- Diputados del\nCongreso de Oaxaca exigieron al Gobierno del Estado transparencia en los\nprocesos de entrega de apoyos y recursos a municipios con alguna declaratoria\npor el sismo de 7.4 grados con epicentro en La Crucecita, Huatulco, registrado\nel 23 de junio.<\/p>\n\n\n\n<p>Lo anterior fue expuesto durante la Sesi\u00f3n Permanente que\nde manera virtual reinstal\u00f3 ayer la Comisi\u00f3n permanente de Protecci\u00f3n Civil de\nla 64 Legislatura, presidida por el congresista Oth\u00f3n Cuevas C\u00f3rdova.<\/p>\n\n\n\n<p>\u201cHay una exigencia del Legislativo y la disponibilidad del\nEjecutivo para transparentar los recursos que se asignen a los municipios con\nda\u00f1os. Los nuevos tiempos que se viven en el pa\u00eds obligan a no lucrar con los\napoyos en medio de una pandemia y una desgracia como la del temblor\u201d, dijo.<\/p>\n\n\n\n<p>Tambi\u00e9n, el presidente de la Junta de Coordinaci\u00f3n\nPol\u00edtica, Horacio Sosa Villavicencio, expres\u00f3 que desde la Legislatura, la\nrepresentaci\u00f3n popular estar\u00e1 atenta y dispuesta a hacer equipo con el Gobierno\ndel Estado y la federaci\u00f3n, por el bien de Oaxaca.<\/p>\n\n\n\n<p>En la reuni\u00f3n donde compareci\u00f3 el titular de la\nCoordinaci\u00f3n Estatal de Protecci\u00f3n Civil de Oaxaca (CEPCO), Antonio Amaro\nCansino, el representante legal del Congreso, hizo de su conocimiento que ante\nesta soberan\u00eda algunas autoridades municipales han se\u00f1alado la falta de\nacercamiento por parte de la dependencia.<\/p>\n\n\n\n<p>En otro tenor, Sosa Villavicencio, solicit\u00f3 atender a\nlocatarios de la Central de Abastos cuyos puestos resultaron da\u00f1ados por el\nincendio del 27 de mayo. Los afectados mostraron ante los y las diputadas su\ndesesperaci\u00f3n y dudas por la falta de informaci\u00f3n sobre la aplicaci\u00f3n de los\n100 millones de pesos anunciados por el mandatario estatal.<\/p>\n\n\n\n<p>En cuanto al tema de la pandemia derivada de la Covid-19,\nla parlamentaria, Gloria S\u00e1nchez L\u00f3pez, integrante de la Comisi\u00f3n legislativa,\nexhibi\u00f3 la falta de refuerzo en tareas de difusi\u00f3n, en el Istmo de Tehuantepec,\npor parte de la CEPCO, respecto a la realizaci\u00f3n de reuniones masivas o fiestas\nen los pueblos.<\/p>\n\n\n\n<p>En atenci\u00f3n a los cuestionamientos y solicitudes de la\nrepresentaci\u00f3n popular, Amaro Cansino, inform\u00f3 que de 247 municipios que\nsolicitaron la declaratoria de desastres, por el temblor del 23 de junio, 157\nobtuvieron la declaratoria; en tanto, de 140 que solicitaron la declaratoria de\nemergencia, 87 la consiguieron.<\/p>\n\n\n\n<p>Las estad\u00edsticas expuestas hasta este d\u00eda ante la Comisi\u00f3n\nde Protecci\u00f3n Civil, dieron cuenta de 10 mil viviendas afectadas, 151 inmuebles\nhist\u00f3ricos da\u00f1ados, 10 decesos de personas en ocho municipios, 23 unidades de\nsalud estropeadas y 283 instituciones educativas afectadas en las ocho regiones\nde Oaxaca.<\/p>\n\n\n\n<p>Respecto a las acciones para atender la pandemia por la Covid-19,\nel titular de la Coordinaci\u00f3n Estatal detall\u00f3 que 403 Consejos Municipales de\nProtecci\u00f3n Civil est\u00e1n instalados, de los cuales, 207 se encuentran en Sesi\u00f3n\nPermanente.<\/p>\n\n\n\n<p>Asimismo, que 135 poblaciones realizaron un cierre parcial\nen sus territorios mediante filtros sanitarios, y 155 ya&nbsp; han sido sanitizados.<\/p>\n","protected":false},"excerpt":{"rendered":"<p>Redaci\u00f3n\/Zona Roja. Oaxaca de Ju\u00e1rez, Oax. 1 de julio de 2020.- Diputados del Congreso de&hellip;<\/p>\n","protected":false},"author":2,"featured_media":14470,"comment_status":"closed","ping_status":"open","sticky":false,"template":"","format":"standard","meta":{"_lmt_disableupdate":"","_lmt_disable":"","_jetpack_memberships_contains_paid_content":false,"footnotes":""},"categories":[109,46],"tags":[213],"class_list":["post-14469","post","type-post","status-publish","format-standard","has-post-thumbnail","hentry","category-minuto-a-minuto","category-zona-blanca","tag-64-legislatura-de-oaxaca"],"jetpack_featured_media_url":"https:\/\/zonaroja.com.mx\/wp-content\/uploads\/2020\/07\/FOTO-Sesi\u00f3n-Permanente-virtual-de-la-Comisi\u00f3npermanente-de-Protecci\u00f3n-Civil-de-la-LXIV-Legislatura.jpg","jetpack_sharing_enabled":true,"_links":{"self":[{"href":"https:\/\/zonaroja.com.mx\/index.php?rest_route=\/wp\/v2\/posts\/14469","targetHints":{"allow":["GET"]}}],"collection":[{"href":"https:\/\/zonaroja.com.mx\/index.php?rest_route=\/wp\/v2\/posts"}],"about":[{"href":"https:\/\/zonaroja.com.mx\/index.php?rest_route=\/wp\/v2\/types\/post"}],"author":[{"embeddable":true,"href":"https:\/\/zonaroja.com.mx\/index.php?rest_route=\/wp\/v2\/users\/2"}],"replies":[{"embeddable":true,"href":"https:\/\/zonaroja.com.mx\/index.php?rest_route=%2Fwp%2Fv2%2Fcomments&post=14469"}],"version-history":[{"count":1,"href":"https:\/\/zonaroja.com.mx\/index.php?rest_route=\/wp\/v2\/posts\/14469\/revisions"}],"predecessor-version":[{"id":14471,"href":"https:\/\/zonaroja.com.mx\/index.php?rest_route=\/wp\/v2\/posts\/14469\/revisions\/14471"}],"wp:featuredmedia":[{"embeddable":true,"href":"https:\/\/zonaroja.com.mx\/index.php?rest_route=\/wp\/v2\/media\/14470"}],"wp:attachment":[{"href":"https:\/\/zonaroja.com.mx\/index.php?rest_route=%2Fwp%2Fv2%2Fmedia&parent=14469"}],"wp:term":[{"taxonomy":"category","embeddable":true,"href":"https:\/\/zonaroja.com.mx\/index.php?rest_route=%2Fwp%2Fv2%2Fcategories&post=14469"},{"taxonomy":"post_tag","embeddable":true,"href":"https:\/\/zonaroja.com.mx\/index.php?rest_route=%2Fwp%2Fv2%2Ftags&post=14469"}],"curies":[{"name":"wp","href":"https:\/\/api.w.org\/{rel}","templated":true}]}}