{"id":14475,"date":"2020-07-01T12:03:26","date_gmt":"2020-07-01T17:03:26","guid":{"rendered":"https:\/\/www.zonaroja.com.mx\/?p=14475"},"modified":"2020-07-01T12:04:45","modified_gmt":"2020-07-01T17:04:45","slug":"piden-desaparicion-de-poderes-en-san-mateo-del-mar-y-castigo-a-funcionarios-omisos","status":"publish","type":"post","link":"https:\/\/zonaroja.com.mx\/?p=14475","title":{"rendered":"Piden desaparici\u00f3n de poderes en San Mateo del Mar y castigo a funcionarios omisos"},"content":{"rendered":"\n<p>Evlin Arag\u00f3n\/Zona Roja.&nbsp;<\/p>\n\n\n\n<p>Oaxaca de Ju\u00e1rez, Oax., 1 de julio de 2020\/-&nbsp;Integrantes de la Asamblea de Comuneros de Uni\u00f3n Hidalgo pidieron la desaparici\u00f3n de poderes en San Mateo del Mar, luego del multihomicidio registrado el pasado 21 de junio en la comunidad y que dej\u00f3 como saldo 15 personas muertas.<\/p>\n\n\n\n<p>Lo hicieron a trav\u00e9s de un comunicado en el que tambi\u00e9n exigieron la destituci\u00f3n de autoridades, que, por su omisi\u00f3n, contribuyeron en los hechos violentos, ya que exist\u00edan antecedentes denunciado por la poblaci\u00f3n que no fueron tomados en cuenta dando como resultado la masacre del pueblo ikoots en la regi\u00f3n del Istmo.<\/p>\n\n\n\n<p>\u201cPedimos la desaparici\u00f3n de poderes en San Mateo del Mar, la detenci\u00f3n precautoria de Bernardino Ponce Hinojosa y Jorge Leoncio Arroyo Rodr\u00edguez. As\u00ed como la renuncia de Jos\u00e9 Bernardo Rodr\u00edguez Alamilla, defensor de los Derechos Humanos del Pueblo de Oaxaca, H\u00e9ctor Anuar Mafud Mafuf, secretario de Gobierno del Estado, y Alejandro Murat Hinojosa, gobernador de Oaxaca\u201d, refiere el documento.<\/p>\n\n\n\n<p>Lo anterior tras hacer caso omiso a las denuncias que se presentaron tras los primeros hechos violentos registrados el 3 de mayo y que dejaron como saldo una persona muerta, por lo cual no hubo siquiera investigaciones al respecto que dieran como resultado la detenci\u00f3n de los responsables de los hechos, pese a se\u00f1alamiento directos.<\/p>\n\n\n\n<p>\u201cTenemos conocimiento de que las denuncias por la represi\u00f3n a la Legitimas Asambleas Comunitarias por parte del edil Ponce Hinojosa fueron interpuestas por las v\u00edctimas de la masacre, n tiempo y forma y la Defensor\u00eda de los Derecho Humanos de Oaxaca no le dio el curso respectivo, de la misma manera la Secretaria de Gobierno y el Ejecutivo del estado de Oaxaca, no realizaron las acciones m\u00ednimas que dieran a los hoy occiso m\u00ednimamente las medidas cautelares\u201d, se\u00f1alaron.&nbsp;<\/p>\n\n\n\n<p>Por lo anterior, hicieron un llamado a la sociedad civil nacional e internacional a no permanecer en el silencio y unirse a la exigencia de justicia para los pueblos, naciones, tribus y comunidades ind\u00edgenas de M\u00e9xico que se enfrentan a un genocidio amparado por la autoridades que pese a las denuncias previa nunca actuaron en consecuencia.<\/p>\n\n\n\n<p>Finalmente, manifestaron su respaldo al pueblo de San Mateo del Mar, a la par que insistieron en que el ataque armado registrado el pasado 21 de junio se trata de un crimen de Estado, solapado por los malos gobiernos estatal y federal que violentando los derechos de las poblaciones ind\u00edgenas.<\/p>\n","protected":false},"excerpt":{"rendered":"<p>Evlin Arag\u00f3n\/Zona Roja.&nbsp; Oaxaca de Ju\u00e1rez, Oax., 1 de julio de 2020\/-&nbsp;Integrantes de la Asamblea&hellip;<\/p>\n","protected":false},"author":2,"featured_media":14474,"comment_status":"closed","ping_status":"open","sticky":false,"template":"","format":"standard","meta":{"_lmt_disableupdate":"","_lmt_disable":"","_jetpack_memberships_contains_paid_content":false,"footnotes":""},"categories":[109,47],"tags":[605],"class_list":["post-14475","post","type-post","status-publish","format-standard","has-post-thumbnail","hentry","category-minuto-a-minuto","category-zona-gris","tag-san-mateo-del-mar"],"jetpack_featured_media_url":"https:\/\/zonaroja.com.mx\/wp-content\/uploads\/2020\/07\/img_5046.jpg","jetpack_sharing_enabled":true,"_links":{"self":[{"href":"https:\/\/zonaroja.com.mx\/index.php?rest_route=\/wp\/v2\/posts\/14475","targetHints":{"allow":["GET"]}}],"collection":[{"href":"https:\/\/zonaroja.com.mx\/index.php?rest_route=\/wp\/v2\/posts"}],"about":[{"href":"https:\/\/zonaroja.com.mx\/index.php?rest_route=\/wp\/v2\/types\/post"}],"author":[{"embeddable":true,"href":"https:\/\/zonaroja.com.mx\/index.php?rest_route=\/wp\/v2\/users\/2"}],"replies":[{"embeddable":true,"href":"https:\/\/zonaroja.com.mx\/index.php?rest_route=%2Fwp%2Fv2%2Fcomments&post=14475"}],"version-history":[{"count":1,"href":"https:\/\/zonaroja.com.mx\/index.php?rest_route=\/wp\/v2\/posts\/14475\/revisions"}],"predecessor-version":[{"id":14476,"href":"https:\/\/zonaroja.com.mx\/index.php?rest_route=\/wp\/v2\/posts\/14475\/revisions\/14476"}],"wp:featuredmedia":[{"embeddable":true,"href":"https:\/\/zonaroja.com.mx\/index.php?rest_route=\/wp\/v2\/media\/14474"}],"wp:attachment":[{"href":"https:\/\/zonaroja.com.mx\/index.php?rest_route=%2Fwp%2Fv2%2Fmedia&parent=14475"}],"wp:term":[{"taxonomy":"category","embeddable":true,"href":"https:\/\/zonaroja.com.mx\/index.php?rest_route=%2Fwp%2Fv2%2Fcategories&post=14475"},{"taxonomy":"post_tag","embeddable":true,"href":"https:\/\/zonaroja.com.mx\/index.php?rest_route=%2Fwp%2Fv2%2Ftags&post=14475"}],"curies":[{"name":"wp","href":"https:\/\/api.w.org\/{rel}","templated":true}]}}