{"id":14484,"date":"2020-07-01T15:42:41","date_gmt":"2020-07-01T20:42:41","guid":{"rendered":"http:\/\/www.zonaroja.com.mx\/?p=14484"},"modified":"2020-07-01T15:42:44","modified_gmt":"2020-07-01T20:42:44","slug":"morena-oaxaca-niega-descontento-del-pueblo-con-gobierno-de-amlo","status":"publish","type":"post","link":"https:\/\/zonaroja.com.mx\/?p=14484","title":{"rendered":"Morena Oaxaca niega descontento del pueblo con gobierno de AMLO"},"content":{"rendered":"\n<p>Yuridiana Sosa\/Zona Roja.<\/p>\n\n\n\n<p>Oaxaca de Ju\u00e1rez, Oax., 1 de julio de 2020.-&nbsp; A dos a\u00f1os del triunfo electoral de la\ncoalici\u00f3n \u201cJuntos haremos historia\u201d, con la presidencia de Andr\u00e9s Manuel L\u00f3pez\nObrador, el Comit\u00e9 Ejecutivo Estatal de Morena y diputados descartaron que\nexista un descontento de la poblaci\u00f3n con el nuevo gobierno, pese a encuestas\nque se\u00f1alan lo contrario.<\/p>\n\n\n\n<p>\u201cNo es el pueblo, es s\u00f3lo un pu\u00f1ado de gente que quiere\nregresar al poder\u201d, manifest\u00f3 la diputada federal Irma Juan Carlos durante\nconferencia de prensa virtual, en la que anunciaron actividades para celebrar\nel \u00e9xito en las urnas de Morena en 2018.<\/p>\n\n\n\n<p>La legisladora sostuvo que son los empresarios y los\npartidos de derecha los que ejercen una serie de manifestaciones porque est\u00e1n\nperdiendo los privilegios de los que gozaron por varias d\u00e9cadas, y, por el\ncontrario, en las comunidades existe un total apoyo al gobierno de M\u00e9xico.<\/p>\n\n\n\n<p>Por su parte, integrantes del Comit\u00e9 Ejecutivo Estatal de\nMorena descartaron la legalidad o realidad de las encuestas que se\u00f1alan una\nprobable disminuci\u00f3n de la simpat\u00eda de L\u00f3pez Obrador, a nivel nacional y\nestatal, las cuales, apuntaron, pueden ser manejadas por la derecha, con el fin\nde desestabilizar al pa\u00eds.<\/p>\n\n\n\n<p>As\u00ed tambi\u00e9n, refirieron que otras encuestan indican que en\nlos estados en los que habr\u00e1 elecciones a gobernador en 2021 refieren que la\npoblaci\u00f3n se inclina por Morena.<\/p>\n\n\n\n<p>Con relaci\u00f3n al proceso electoral, el secretario de\nOrganizaci\u00f3n, C\u00e9sar Aquino, se\u00f1al\u00f3 que en las pr\u00f3ximas semanas comenzar\u00e1n con\ntrabajos internos en busca de fortalecer y reestructurar el partido para que en\nlas urnas se defienda la principal fuerza pol\u00edtica en M\u00e9xico, por lo que neg\u00f3\ndivisiones en el partido que pongan en riesgo la solidez pol\u00edtica.<\/p>\n\n\n\n<p>Durante la conferencia virtual, Morena en Oaxaca anunci\u00f3\nuna serie de actividades, como talleres, diplomados y charlas de forma digital\ndirigidas tanto a la militancia pol\u00edtica de Morena como a los diferentes\nsectores de la sociedad, del 1 al 5 de junio.<\/p>\n","protected":false},"excerpt":{"rendered":"<p>Yuridiana Sosa\/Zona Roja. Oaxaca de Ju\u00e1rez, Oax., 1 de julio de 2020.-&nbsp; A dos a\u00f1os&hellip;<\/p>\n","protected":false},"author":2,"featured_media":14485,"comment_status":"closed","ping_status":"open","sticky":false,"template":"","format":"standard","meta":{"_lmt_disableupdate":"","_lmt_disable":"","_jetpack_memberships_contains_paid_content":false,"footnotes":""},"categories":[109,46],"tags":[871],"class_list":["post-14484","post","type-post","status-publish","format-standard","has-post-thumbnail","hentry","category-minuto-a-minuto","category-zona-blanca","tag-partido-morena-oaxaca"],"jetpack_featured_media_url":"https:\/\/zonaroja.com.mx\/wp-content\/uploads\/2020\/07\/Morena-bandera-3.jpg","jetpack_sharing_enabled":true,"_links":{"self":[{"href":"https:\/\/zonaroja.com.mx\/index.php?rest_route=\/wp\/v2\/posts\/14484","targetHints":{"allow":["GET"]}}],"collection":[{"href":"https:\/\/zonaroja.com.mx\/index.php?rest_route=\/wp\/v2\/posts"}],"about":[{"href":"https:\/\/zonaroja.com.mx\/index.php?rest_route=\/wp\/v2\/types\/post"}],"author":[{"embeddable":true,"href":"https:\/\/zonaroja.com.mx\/index.php?rest_route=\/wp\/v2\/users\/2"}],"replies":[{"embeddable":true,"href":"https:\/\/zonaroja.com.mx\/index.php?rest_route=%2Fwp%2Fv2%2Fcomments&post=14484"}],"version-history":[{"count":1,"href":"https:\/\/zonaroja.com.mx\/index.php?rest_route=\/wp\/v2\/posts\/14484\/revisions"}],"predecessor-version":[{"id":14486,"href":"https:\/\/zonaroja.com.mx\/index.php?rest_route=\/wp\/v2\/posts\/14484\/revisions\/14486"}],"wp:featuredmedia":[{"embeddable":true,"href":"https:\/\/zonaroja.com.mx\/index.php?rest_route=\/wp\/v2\/media\/14485"}],"wp:attachment":[{"href":"https:\/\/zonaroja.com.mx\/index.php?rest_route=%2Fwp%2Fv2%2Fmedia&parent=14484"}],"wp:term":[{"taxonomy":"category","embeddable":true,"href":"https:\/\/zonaroja.com.mx\/index.php?rest_route=%2Fwp%2Fv2%2Fcategories&post=14484"},{"taxonomy":"post_tag","embeddable":true,"href":"https:\/\/zonaroja.com.mx\/index.php?rest_route=%2Fwp%2Fv2%2Ftags&post=14484"}],"curies":[{"name":"wp","href":"https:\/\/api.w.org\/{rel}","templated":true}]}}