{"id":14487,"date":"2020-07-01T15:51:06","date_gmt":"2020-07-01T20:51:06","guid":{"rendered":"http:\/\/www.zonaroja.com.mx\/?p=14487"},"modified":"2020-07-01T15:51:10","modified_gmt":"2020-07-01T20:51:10","slug":"declara-congreso-de-oaxaca-persona-no-grata-al-ex-canciller-jorge-castaneda","status":"publish","type":"post","link":"https:\/\/zonaroja.com.mx\/?p=14487","title":{"rendered":"Declara Congreso de Oaxaca persona no grata al ex canciller Jorge Casta\u00f1eda"},"content":{"rendered":"\n<p>Redacci\u00f3n\/Zona Roja.<\/p>\n\n\n\n<p>Oaxaca de Ju\u00e1rez, Oax. 1 de julio de 2020. En sesi\u00f3n\nordinaria, el pleno de la 64 Legislatura del Congreso loca declar\u00f3 moralmente\ncomo persona no grata para el Estado Libre y Soberano de Oaxaca al ciudadano\nJorge Germ\u00e1n Casta\u00f1eda Gutman, quien fuera secretario de Relaciones Exteriores\ndurante la administraci\u00f3n de Vicente Fox Quesada.<\/p>\n\n\n\n<p>Lo anterior, tras aprobarse con 28 votos a favor el Punto\nde Acuerdo, considerado como de urgente y obvia resoluci\u00f3n, por parte de la\nJunta de Coordinaci\u00f3n Pol\u00edtica, frente a las declaraciones del ex canciller, el\npasado 25 de junio, quien se refiri\u00f3 al municipio de Putla Villa de Guerrero,\nOaxaca (con tradici\u00f3n mixteco-triqui), como un \u201cpueblo horroroso\u201d y \u201carrabalero\u201d.<\/p>\n\n\n\n<p>La proposici\u00f3n adem\u00e1s exhorta al Consejo Nacional para\nPrevenir la Discriminaci\u00f3n (Conapred), a fin de que en el \u00e1mbito de sus\natribuciones, realice todas las acciones legales en contra&nbsp; el ex funcionario federal, escritor y\nacad\u00e9mico, con la finalidad de inhibir este tipo de conductas racistas y\nclasistas en el pa\u00eds.<\/p>\n\n\n\n<p>La resoluci\u00f3n tambi\u00e9n se\u00f1ala que, desde la promulgaci\u00f3n de\nla Ley Federal para Prevenir y Erradicar la Discriminaci\u00f3n M\u00e9xico, se cuenta\ncon una herramienta jur\u00eddica que permite erradicar todas las formas de\ndiscriminaci\u00f3n en contra de cualquier persona, as\u00ed como promover la igualdad de\noportunidades y de trato.<\/p>\n\n\n\n<p>Asimismo, se solicit\u00f3 al actual titular de la Secretar\u00eda\nde Relaciones Exteriores, Marcelo Ebrard, para que a la brevedad proceda a\nretirar el retrato de Jorge Germ\u00e1n Casta\u00f1eda Gutman, de la galer\u00eda de\ncancilleres de dicha dependencia, con sede de la Ciudad de M\u00e9xico.<\/p>\n\n\n\n<p>Durante la exposici\u00f3n del Punto de Acuerdo ante el pleno\nlegislativo, la representante popular, Gloria S\u00e1nchez L\u00f3pez, y el diputado,\nP\u00e1vel Mel\u00e9ndez Cruz, demandaron al ex titular de la SRE que ofrezca una\ndisculpa p\u00fablica por la ofensa realizada a los y las oaxaque\u00f1as.<\/p>\n\n\n\n<p>El acuerdo fue aprobado durante la sesi\u00f3n ordinaria de\neste mi\u00e9rcoles 1 de julio, en el marco de la instalaci\u00f3n del segundo periodo ordinario\nsesiones correspondiente al segundo a\u00f1o de ejercicio Legal de la 64 Legislatura\nLocal.<\/p>\n\n\n\n<p>CLAUSURAN PERMANENTE<\/p>\n\n\n\n<p>Previo a ello, con un total de 17 sesiones ordinarias\ndesarrolladas, la recepci\u00f3n de 376 asuntos y cuatros periodos extraordinarios\nefectuados, fue clausurado el primer periodo de receso legislativo,\ncorrespondiente al segundo a\u00f1o de ejercicio legal de la 64 Legislatura del\nEstado de Oaxaca.<\/p>\n\n\n\n<p>En el marco de la sesi\u00f3n de clausura, el presiden de la\nDiputaci\u00f3n Permanente, Luis Alfonso Silva Romo, emiti\u00f3 un informe de\nactividades en donde resalt\u00f3 la realizaci\u00f3n de un intenso trabajo parlamentario\npor parte dicho \u00f3rgano deliberativo.<\/p>\n\n\n\n<p>El legislador abund\u00f3 que, del 15 de abril al 30 de junio\ndel a\u00f1o en curso, fueron aprobados 16 decretos, 18 acuerdos y una reforma\nconstitucional en cuatro Periodos Extraordinarios de sesiones desarrolladas por\nel Pleno.<\/p>\n","protected":false},"excerpt":{"rendered":"<p>Redacci\u00f3n\/Zona Roja. Oaxaca de Ju\u00e1rez, Oax. 1 de julio de 2020. En sesi\u00f3n ordinaria, el&hellip;<\/p>\n","protected":false},"author":2,"featured_media":14488,"comment_status":"closed","ping_status":"open","sticky":false,"template":"","format":"standard","meta":{"_lmt_disableupdate":"","_lmt_disable":"","_jetpack_memberships_contains_paid_content":false,"footnotes":""},"categories":[109,46],"tags":[213],"class_list":["post-14487","post","type-post","status-publish","format-standard","has-post-thumbnail","hentry","category-minuto-a-minuto","category-zona-blanca","tag-64-legislatura-de-oaxaca"],"jetpack_featured_media_url":"https:\/\/zonaroja.com.mx\/wp-content\/uploads\/2020\/07\/Magaly-L\u00f3pez.jpeg","jetpack_sharing_enabled":true,"_links":{"self":[{"href":"https:\/\/zonaroja.com.mx\/index.php?rest_route=\/wp\/v2\/posts\/14487","targetHints":{"allow":["GET"]}}],"collection":[{"href":"https:\/\/zonaroja.com.mx\/index.php?rest_route=\/wp\/v2\/posts"}],"about":[{"href":"https:\/\/zonaroja.com.mx\/index.php?rest_route=\/wp\/v2\/types\/post"}],"author":[{"embeddable":true,"href":"https:\/\/zonaroja.com.mx\/index.php?rest_route=\/wp\/v2\/users\/2"}],"replies":[{"embeddable":true,"href":"https:\/\/zonaroja.com.mx\/index.php?rest_route=%2Fwp%2Fv2%2Fcomments&post=14487"}],"version-history":[{"count":1,"href":"https:\/\/zonaroja.com.mx\/index.php?rest_route=\/wp\/v2\/posts\/14487\/revisions"}],"predecessor-version":[{"id":14489,"href":"https:\/\/zonaroja.com.mx\/index.php?rest_route=\/wp\/v2\/posts\/14487\/revisions\/14489"}],"wp:featuredmedia":[{"embeddable":true,"href":"https:\/\/zonaroja.com.mx\/index.php?rest_route=\/wp\/v2\/media\/14488"}],"wp:attachment":[{"href":"https:\/\/zonaroja.com.mx\/index.php?rest_route=%2Fwp%2Fv2%2Fmedia&parent=14487"}],"wp:term":[{"taxonomy":"category","embeddable":true,"href":"https:\/\/zonaroja.com.mx\/index.php?rest_route=%2Fwp%2Fv2%2Fcategories&post=14487"},{"taxonomy":"post_tag","embeddable":true,"href":"https:\/\/zonaroja.com.mx\/index.php?rest_route=%2Fwp%2Fv2%2Ftags&post=14487"}],"curies":[{"name":"wp","href":"https:\/\/api.w.org\/{rel}","templated":true}]}}