{"id":14493,"date":"2020-07-01T20:30:49","date_gmt":"2020-07-02T01:30:49","guid":{"rendered":"http:\/\/www.zonaroja.com.mx\/?p=14493"},"modified":"2020-07-01T20:30:56","modified_gmt":"2020-07-02T01:30:56","slug":"bajese-de-su-nube-pide-observatorio-ciudadano-oaxaqueno-a-jorge-castaneda","status":"publish","type":"post","link":"https:\/\/zonaroja.com.mx\/?p=14493","title":{"rendered":"\u201cB\u00e1jese de su nube\u201d, pide Observatorio Ciudadano Oaxaque\u00f1o a Jorge Casta\u00f1eda"},"content":{"rendered":"\n<p>Evlin Arag\u00f3n\/Zona Roja.<\/p>\n\n\n\n<p>Oaxaca de Ju\u00e1rez, Oax., 1 de julio de 2020.- \u201cYa b\u00e1jese de\nsu nube y empiece a conocer el M\u00e9xico de verdad, el de todos los d\u00edas, el de\nlas personas de a pie, de las que viven al d\u00eda, sin los privilegios que le\ndieron sus pa\u00f1ales de seda\u201d, es parte del mensaje que enuncia el Observatorio\nCiudadano Oaxaque\u00f1o hacia el ex canciller mexicano Jorge Casta\u00f1eda.<\/p>\n\n\n\n<p>Lo anterior luego de las declaraciones que se hicieran\nvirales en las que, el tambi\u00e9n aspirante a la Presidencia de M\u00e9xico, llama\npueblo \u201chorroroso\u201d al municipio de Putla Villa de Guerrero, declaraciones por\nlas que incluso las autoridades de esta localidad le pidieron una disculpa\np\u00fablica, que a\u00fan no llega.<\/p>\n\n\n\n<p>El documento califica de racistas los dichos emitidos por\nel ex funcionario, mismos que dejan ver su falta de humanismo, humildad y\nmodestia, situaci\u00f3n que lo pone como un intelectual engre\u00eddo cuyos di\u00e1logos no\naportan nada a la sociedad y por el contrario insulta, denigra y estigmatiza a\nlas personas.<\/p>\n\n\n\n<p>A la par que indicaron Jorge Casta\u00f1eda no puede describir\nalgo que no conoce, dado que la mayor parte de su vida ha estado fuera de\nM\u00e9xico, perdi\u00e9ndose de las maravillas de los pueblos y comunidades de Oaxaca.<\/p>\n\n\n\n<p>\u201cUsted desde luego que no entiende a los pueblos de Oaxaca\nporque no los conoce, ni se preocupa por conocerlos. Desde Nueva York, donde\nvive, cree que puede entender al M\u00e9xico profundo por el que nunca ha pasado\nporque su vida ha sido de privilegio, obtenidos gracia a esos pueblos\nhorrorosos como usted los califica\u201d, refieren.<\/p>\n\n\n\n<p>Criticaron que con esas actitudes, Jorge Casta\u00f1eda demuestra\nun profundo resentimiento hacia el pa\u00eds al cual aspiro a gobernar en alg\u00fan\nmomento, pero que fue su propia fantocher\u00eda y egolatr\u00eda la que al final no\nconcreto una candidatura s\u00f3lida que le permitiera encabezar el gobierno\nfederal.<\/p>\n\n\n\n<p>\u201cHijo de un brillante canciller mexicano, se crey\u00f3\nheredero del cargo y lo ocup\u00f3 sin m\u00e9ritos para acabar siendo un mexicano\nentreguista y mediocre, sin visos de diplomacia como lo muestran sus\nexpresiones verbales y gestuales, su fantocher\u00eda y egolatr\u00eda. Y as\u00ed quiso ser\nPresidente. Se le ve bastante resentido por no haberlo logrado\u201d.<\/p>\n\n\n\n<p>Puntualizaron que Oaxaca est\u00e1 orgullosa de sus pueblos, su\ncultura, sus lenguas, su historia, sus mujeres y hombres, a la par que\naseguraron ning\u00fan lugar al interior de la entidad es horroroso por el contrario\nhace falta s\u00f3lo conocerlos para maravillarse con los mismos.<\/p>\n","protected":false},"excerpt":{"rendered":"<p>Evlin Arag\u00f3n\/Zona Roja. Oaxaca de Ju\u00e1rez, Oax., 1 de julio de 2020.- \u201cYa b\u00e1jese de&hellip;<\/p>\n","protected":false},"author":2,"featured_media":14494,"comment_status":"closed","ping_status":"open","sticky":false,"template":"","format":"standard","meta":{"_lmt_disableupdate":"","_lmt_disable":"","_jetpack_memberships_contains_paid_content":false,"footnotes":""},"categories":[109,47],"tags":[969],"class_list":["post-14493","post","type-post","status-publish","format-standard","has-post-thumbnail","hentry","category-minuto-a-minuto","category-zona-gris","tag-putla-villa-de-guerrero"],"jetpack_featured_media_url":"https:\/\/zonaroja.com.mx\/wp-content\/uploads\/2020\/07\/Jorge-Casta\u00f1eda.jpg","jetpack_sharing_enabled":true,"_links":{"self":[{"href":"https:\/\/zonaroja.com.mx\/index.php?rest_route=\/wp\/v2\/posts\/14493","targetHints":{"allow":["GET"]}}],"collection":[{"href":"https:\/\/zonaroja.com.mx\/index.php?rest_route=\/wp\/v2\/posts"}],"about":[{"href":"https:\/\/zonaroja.com.mx\/index.php?rest_route=\/wp\/v2\/types\/post"}],"author":[{"embeddable":true,"href":"https:\/\/zonaroja.com.mx\/index.php?rest_route=\/wp\/v2\/users\/2"}],"replies":[{"embeddable":true,"href":"https:\/\/zonaroja.com.mx\/index.php?rest_route=%2Fwp%2Fv2%2Fcomments&post=14493"}],"version-history":[{"count":1,"href":"https:\/\/zonaroja.com.mx\/index.php?rest_route=\/wp\/v2\/posts\/14493\/revisions"}],"predecessor-version":[{"id":14495,"href":"https:\/\/zonaroja.com.mx\/index.php?rest_route=\/wp\/v2\/posts\/14493\/revisions\/14495"}],"wp:featuredmedia":[{"embeddable":true,"href":"https:\/\/zonaroja.com.mx\/index.php?rest_route=\/wp\/v2\/media\/14494"}],"wp:attachment":[{"href":"https:\/\/zonaroja.com.mx\/index.php?rest_route=%2Fwp%2Fv2%2Fmedia&parent=14493"}],"wp:term":[{"taxonomy":"category","embeddable":true,"href":"https:\/\/zonaroja.com.mx\/index.php?rest_route=%2Fwp%2Fv2%2Fcategories&post=14493"},{"taxonomy":"post_tag","embeddable":true,"href":"https:\/\/zonaroja.com.mx\/index.php?rest_route=%2Fwp%2Fv2%2Ftags&post=14493"}],"curies":[{"name":"wp","href":"https:\/\/api.w.org\/{rel}","templated":true}]}}