{"id":14504,"date":"2020-07-02T08:16:14","date_gmt":"2020-07-02T13:16:14","guid":{"rendered":"http:\/\/www.zonaroja.com.mx\/?p=14504"},"modified":"2020-07-02T13:25:48","modified_gmt":"2020-07-02T18:25:48","slug":"piden-a-gobernador-campana-de-difusion-para-evitar-alimentos-y-bebidas-chatarras","status":"publish","type":"post","link":"https:\/\/zonaroja.com.mx\/?p=14504","title":{"rendered":"Piden a gobernador campa\u00f1a de difusi\u00f3n para evitar alimentos y bebidas chatarras"},"content":{"rendered":"\n<p>Redacci\u00f3n\/Zona\nRoja. <\/p>\n\n\n\n<p>Oaxaca\nde Ju\u00e1rez, Oax., 2 de julio de 2020.- Debido a que la mala alimentaci\u00f3n y el\nconsumo excesivo de bebidas azucaradas han develado el alto n\u00famero de personas\ncon diabetes y obesidad en el pa\u00eds y en Oaxaca, siendo estos padecimientos una\namenaza letal para personas que adquieren el nuevo coronavirus, la diputada\nMagaly L\u00f3pez exhort\u00f3 al gobernador Alejandro Murat implementar una campa\u00f1a de\ndifusi\u00f3n para invitar a la poblaci\u00f3n a evitar su consumo.<\/p>\n\n\n\n<p>La legisladora por el Partido Morena refiri\u00f3 que, de manera reiterada, el gobierno de M\u00e9xico ha expuesto que las enfermedades cr\u00f3nico-degenerativas como la obesidad, la diabetes y la hipertensi\u00f3n, son la causa principal de que la tasa de letalidad por covid-19 en el pa\u00eds sea tan elevada, y que esas enfermedades devienen de la mala alimentaci\u00f3n, de manera destacada por el alto consumo de bebidas azucaradas y alimentos industrializados de alto contenido cal\u00f3rico, o alimentos chatarra.<\/p>\n\n\n\n<figure class=\"wp-block-embed-twitter wp-block-embed is-type-rich is-provider-twitter\"><div class=\"wp-block-embed__wrapper\">\n<div class=\"twitter-tweet\"><blockquote class=\"twitter-tweet\" data-lang=\"es\"><p lang=\"es\" dir=\"ltr\">En tribuna durante la sesi\u00f3n ordinaria del pleno de la <a href=\"https:\/\/twitter.com\/CongresoOaxLXIV?ref_src=twsrc%5Etfw\">@CongresoOaxLXIV<\/a>, la diputada <a href=\"https:\/\/twitter.com\/Magaly_LopezOax?ref_src=twsrc%5Etfw\">@Magaly_LopezOax<\/a> pidi\u00f3 al gobernador <a href=\"https:\/\/twitter.com\/alejandromurat?ref_src=twsrc%5Etfw\">@alejandromurat<\/a> instruya a los <a href=\"https:\/\/twitter.com\/SSO_GobOax?ref_src=twsrc%5Etfw\">@SSO_GobOax<\/a> implementar programas para combatir la obesidad y el sobrepeso, factores que agravan los casos de Covid. <a href=\"https:\/\/t.co\/bG98T4D158\">pic.twitter.com\/bG98T4D158<\/a><\/p>&mdash; Zona Roja Oaxaca (@MexRoja) <a href=\"https:\/\/twitter.com\/MexRoja\/status\/1278682173281677312?ref_src=twsrc%5Etfw\">2 de julio de 2020<\/a><\/blockquote><\/div>\n<\/div><\/figure>\n\n\n\n<p>De\nigual forma, la representante popular manifest\u00f3 que la tasa de letalidad por\ncovid-19 entre la poblaci\u00f3n mexicana es de 10.7 por cada 100 mil habitantes, lo\nque coloca a M\u00e9xico por encima del promedio mundial, que asciende a 6.2, y como\nel pa\u00eds con m\u00e1s muertes por cada 100 mil habitantes en Am\u00e9rica Latina.<\/p>\n\n\n\n<p>Dijo\nque la valoraci\u00f3n de obesidad y sobrepeso como epidemia en M\u00e9xico no es\nreciente. Desde 2016 se emitieron oficialmente las declaratorias de emergencia\nepidemiol\u00f3gica por sobrepeso y obesidad, y por diabetes mellitus.<\/p>\n\n\n\n<p>Y\nes que, diversos estudios han demostrado que existe una correlaci\u00f3n clara entre\nestos problemas de salud y los h\u00e1bitos alimenticios, y espec\u00edficamente con el\nconsumo de bebidas azucaradas y alimentos industrializados de alto contenido\ncal\u00f3rico.<\/p>\n\n\n\n<p>Por\nello, propuso al gobernador a que, en el marco de las acciones para afrontar al\ncoronavirus Covid-19, instruya al titular de la Secretar\u00eda de Salud de Oaxaca a\nrealizar una campa\u00f1a de difusi\u00f3n para invitar a la poblaci\u00f3n a evitar el\nconsumo de bebidas azucaradas y alimentos de alto contenido cal\u00f3rico,\ninformando sobre los graves riesgos para la salud que implica su ingesta.<\/p>\n","protected":false},"excerpt":{"rendered":"<p>Redacci\u00f3n\/Zona Roja. Oaxaca de Ju\u00e1rez, Oax., 2 de julio de 2020.- Debido a que la&hellip;<\/p>\n","protected":false},"author":2,"featured_media":14505,"comment_status":"closed","ping_status":"open","sticky":false,"template":"","format":"standard","meta":{"_lmt_disableupdate":"","_lmt_disable":"","_jetpack_memberships_contains_paid_content":false,"footnotes":""},"categories":[109,47],"tags":[192],"class_list":["post-14504","post","type-post","status-publish","format-standard","has-post-thumbnail","hentry","category-minuto-a-minuto","category-zona-gris","tag-diputada-magaly-lopez-dominguez"],"jetpack_featured_media_url":"https:\/\/zonaroja.com.mx\/wp-content\/uploads\/2020\/07\/Campan\u0303a-de-difusio\u0301n-para-evitar-alimentos-y-bebidas-chatarras-insta-Diputada-a-Murat.jpeg","jetpack_sharing_enabled":true,"_links":{"self":[{"href":"https:\/\/zonaroja.com.mx\/index.php?rest_route=\/wp\/v2\/posts\/14504","targetHints":{"allow":["GET"]}}],"collection":[{"href":"https:\/\/zonaroja.com.mx\/index.php?rest_route=\/wp\/v2\/posts"}],"about":[{"href":"https:\/\/zonaroja.com.mx\/index.php?rest_route=\/wp\/v2\/types\/post"}],"author":[{"embeddable":true,"href":"https:\/\/zonaroja.com.mx\/index.php?rest_route=\/wp\/v2\/users\/2"}],"replies":[{"embeddable":true,"href":"https:\/\/zonaroja.com.mx\/index.php?rest_route=%2Fwp%2Fv2%2Fcomments&post=14504"}],"version-history":[{"count":2,"href":"https:\/\/zonaroja.com.mx\/index.php?rest_route=\/wp\/v2\/posts\/14504\/revisions"}],"predecessor-version":[{"id":14523,"href":"https:\/\/zonaroja.com.mx\/index.php?rest_route=\/wp\/v2\/posts\/14504\/revisions\/14523"}],"wp:featuredmedia":[{"embeddable":true,"href":"https:\/\/zonaroja.com.mx\/index.php?rest_route=\/wp\/v2\/media\/14505"}],"wp:attachment":[{"href":"https:\/\/zonaroja.com.mx\/index.php?rest_route=%2Fwp%2Fv2%2Fmedia&parent=14504"}],"wp:term":[{"taxonomy":"category","embeddable":true,"href":"https:\/\/zonaroja.com.mx\/index.php?rest_route=%2Fwp%2Fv2%2Fcategories&post=14504"},{"taxonomy":"post_tag","embeddable":true,"href":"https:\/\/zonaroja.com.mx\/index.php?rest_route=%2Fwp%2Fv2%2Ftags&post=14504"}],"curies":[{"name":"wp","href":"https:\/\/api.w.org\/{rel}","templated":true}]}}