{"id":14508,"date":"2020-07-02T08:22:57","date_gmt":"2020-07-02T13:22:57","guid":{"rendered":"http:\/\/www.zonaroja.com.mx\/?p=14508"},"modified":"2020-07-02T08:23:01","modified_gmt":"2020-07-02T13:23:01","slug":"denuncian-olvido-oficial-a-centro-de-salud-de-ixtepec-trabajan-bajo-protesta","status":"publish","type":"post","link":"https:\/\/zonaroja.com.mx\/?p=14508","title":{"rendered":"Denuncian olvido oficial a Centro de Salud de Ixtepec; trabajan bajo protesta"},"content":{"rendered":"\n<p>Yuridiana\nSosa\/Zona Roja.<\/p>\n\n\n\n<p>Oaxaca\nde Ju\u00e1rez, Oax., 2 de julio de 2020.- Personal m\u00e9dico adherido a la Secci\u00f3n 35\ndel SNTSA en Ciudad Ixtepec, denunci\u00f3 que, a pesar de la crisis en salud por la\npandemia, el Gobierno del Estado olvid\u00f3 equipar el nuevo Centro de Salud\nUrbano, por lo que emplazaron al 1 de agosto a cumplir o intensificar\u00e1n protestas.<\/p>\n\n\n\n<p>Los\ntrabajadores se\u00f1alaron que ante las carencias, trabajar\u00e1n bajo protesta, en\ntanto el gobierno a trav\u00e9s de los Servicios de Salud de Oaxaca entregue el\nmobiliario necesario para ofrecer una atenci\u00f3n adecuada a los habitantes de la\nregi\u00f3n.<\/p>\n\n\n\n<p>Expusieron\nque por la falta de equipamiento, por varios meses atendieron desde un\nestablecimiento improvisado como cl\u00ednica, pero los sismos y las lluvias han\ndeteriorado el espacio que presenta afectaciones en el 80 por ciento del\ntechado.<\/p>\n\n\n\n<p>Adem\u00e1s,\ncitaron, el personal trabaja hacinado por el espacio reducido, lo que\nrepresenta un riesgo de salud para el personal y los pacientes ante el\nCovid-19.<\/p>\n\n\n\n<p>Por\nesas circunstancias se trasladar\u00e1n al nuevo Centro de Salud, con mobiliario\nviejo y sin lo suficientemente necesario para ofrecer sus servicios, pero\nadvirtieron que, de no cumplirse con la entrega en agosto, arreciar\u00e1n las\nprotestas, apuntaron en un comunicado firmado por la delegada sindical Mar\u00eda\ndel Carmen Echeverr\u00eda Ulloa.<\/p>\n","protected":false},"excerpt":{"rendered":"<p>Yuridiana Sosa\/Zona Roja. Oaxaca de Ju\u00e1rez, Oax., 2 de julio de 2020.- Personal m\u00e9dico adherido&hellip;<\/p>\n","protected":false},"author":2,"featured_media":14509,"comment_status":"closed","ping_status":"open","sticky":false,"template":"","format":"standard","meta":{"_lmt_disableupdate":"","_lmt_disable":"","_jetpack_memberships_contains_paid_content":false,"footnotes":""},"categories":[109,47],"tags":[703],"class_list":["post-14508","post","type-post","status-publish","format-standard","has-post-thumbnail","hentry","category-minuto-a-minuto","category-zona-gris","tag-ciudad-ixtepec"],"jetpack_featured_media_url":"https:\/\/zonaroja.com.mx\/wp-content\/uploads\/2020\/07\/Centro-de-Salud-Ixtepec.jpg","jetpack_sharing_enabled":true,"_links":{"self":[{"href":"https:\/\/zonaroja.com.mx\/index.php?rest_route=\/wp\/v2\/posts\/14508","targetHints":{"allow":["GET"]}}],"collection":[{"href":"https:\/\/zonaroja.com.mx\/index.php?rest_route=\/wp\/v2\/posts"}],"about":[{"href":"https:\/\/zonaroja.com.mx\/index.php?rest_route=\/wp\/v2\/types\/post"}],"author":[{"embeddable":true,"href":"https:\/\/zonaroja.com.mx\/index.php?rest_route=\/wp\/v2\/users\/2"}],"replies":[{"embeddable":true,"href":"https:\/\/zonaroja.com.mx\/index.php?rest_route=%2Fwp%2Fv2%2Fcomments&post=14508"}],"version-history":[{"count":1,"href":"https:\/\/zonaroja.com.mx\/index.php?rest_route=\/wp\/v2\/posts\/14508\/revisions"}],"predecessor-version":[{"id":14510,"href":"https:\/\/zonaroja.com.mx\/index.php?rest_route=\/wp\/v2\/posts\/14508\/revisions\/14510"}],"wp:featuredmedia":[{"embeddable":true,"href":"https:\/\/zonaroja.com.mx\/index.php?rest_route=\/wp\/v2\/media\/14509"}],"wp:attachment":[{"href":"https:\/\/zonaroja.com.mx\/index.php?rest_route=%2Fwp%2Fv2%2Fmedia&parent=14508"}],"wp:term":[{"taxonomy":"category","embeddable":true,"href":"https:\/\/zonaroja.com.mx\/index.php?rest_route=%2Fwp%2Fv2%2Fcategories&post=14508"},{"taxonomy":"post_tag","embeddable":true,"href":"https:\/\/zonaroja.com.mx\/index.php?rest_route=%2Fwp%2Fv2%2Ftags&post=14508"}],"curies":[{"name":"wp","href":"https:\/\/api.w.org\/{rel}","templated":true}]}}