{"id":14511,"date":"2020-07-02T10:40:54","date_gmt":"2020-07-02T15:40:54","guid":{"rendered":"http:\/\/www.zonaroja.com.mx\/?p=14511"},"modified":"2020-07-02T10:40:57","modified_gmt":"2020-07-02T15:40:57","slug":"protesta-por-desaparecidas-en-tuxtepec-llega-a-veracruz","status":"publish","type":"post","link":"https:\/\/zonaroja.com.mx\/?p=14511","title":{"rendered":"Protesta por desaparecidas en Tuxtepec llega a Veracruz"},"content":{"rendered":"\n<p>Redacci\u00f3n\/Zona\nRoja. Foto: Testigo P\u00farpura<\/p>\n\n\n\n<p>Oaxaca\nde Ju\u00e1rez, Oax., 2 de julio de 2020.- La protesta de feministas contra las\ndesapariciones en San Juan Bautista Tuxtepec, lleg\u00f3 al estado de Veracruz.<\/p>\n\n\n\n<p>Mujeres\nfeministas del puerto de Veracruz se manifestaron al inicio de esta semana en\ncontra de las desapariciones recientes de cuatro mujeres en el estado de\nOaxaca, de las cuales una ellas es veracruzana.<\/p>\n\n\n\n<p>Se\ntrata de F\u00e1tima, Cassandra, Isabel e Itzel, est\u00e1 \u00faltima originaria del Valle de\nUxpanapa, Veracruz, quien el pasado 14 Abril desapareci\u00f3 en Tuxtepec, Oaxaca, a\npocos d\u00edas de cumplir 20 a\u00f1os.<\/p>\n\n\n\n<p>Angelica\nGonz\u00e1lez Z\u00fa\u00f1iga, familiar de Itzel, indic\u00f3 que de acuerdo con la Fiscal\u00eda\nGeneral de Oaxaca, hallaron recientemente una fosa con restos \u00f3seos en los que\nprobablemente se encuentra F\u00e1tima, Itzel y Cassandra, sin embargo, las familias\nesperan a que los perritos les confirmen de manera oficial.<\/p>\n\n\n\n<p>\u201cLa\nfiscal\u00eda de Tuxtepec del estado de Oaxaca se han estado haciendo\ninvestigaciones pero hasta ahorita todav\u00eda no nos entregan resultados porque\nencontraron los restos \u00f3seos, simplemente y hasta ahorita no se confirma porque\nmandaron hacer los estudios correspondientes de gen\u00e9tica para que se pueda\ndeterminar a qui\u00e9n pertenece\u201d, dijo.<\/p>\n\n\n\n<p>Ante\nesto, las manifestantes hicieron un llamado a la Fiscal\u00eda General de Veracruz\npara ponerse en contacto con la familia de Itzel y de esta manera apoyarles\npara que agilicen los tr\u00e1mites de confirmaci\u00f3n o negaci\u00f3n de los restos\nhallados.<\/p>\n\n\n\n<p>Las\nmujeres colocaron mantas y pancartas en el z\u00f3calo de la ciudad de Veracruz\ndonde pidieron justicia por las desaparecidas.<\/p>\n\n\n\n<p>(Informaci\u00f3n\nde Alba Valdez, \u201cTestigo P\u00farpura\u201d)<\/p>\n","protected":false},"excerpt":{"rendered":"<p>Redacci\u00f3n\/Zona Roja. Foto: Testigo P\u00farpura Oaxaca de Ju\u00e1rez, Oax., 2 de julio de 2020.- La&hellip;<\/p>\n","protected":false},"author":2,"featured_media":14512,"comment_status":"closed","ping_status":"open","sticky":false,"template":"","format":"standard","meta":{"_lmt_disableupdate":"","_lmt_disable":"","_jetpack_memberships_contains_paid_content":false,"footnotes":""},"categories":[109,47],"tags":[1705],"class_list":["post-14511","post","type-post","status-publish","format-standard","has-post-thumbnail","hentry","category-minuto-a-minuto","category-zona-gris","tag-desaparecidas-san-juan-bautista-tuxtepec"],"jetpack_featured_media_url":"https:\/\/zonaroja.com.mx\/wp-content\/uploads\/2020\/07\/Protesta-Tuxtepec-en-Veracruz.jpg","jetpack_sharing_enabled":true,"_links":{"self":[{"href":"https:\/\/zonaroja.com.mx\/index.php?rest_route=\/wp\/v2\/posts\/14511","targetHints":{"allow":["GET"]}}],"collection":[{"href":"https:\/\/zonaroja.com.mx\/index.php?rest_route=\/wp\/v2\/posts"}],"about":[{"href":"https:\/\/zonaroja.com.mx\/index.php?rest_route=\/wp\/v2\/types\/post"}],"author":[{"embeddable":true,"href":"https:\/\/zonaroja.com.mx\/index.php?rest_route=\/wp\/v2\/users\/2"}],"replies":[{"embeddable":true,"href":"https:\/\/zonaroja.com.mx\/index.php?rest_route=%2Fwp%2Fv2%2Fcomments&post=14511"}],"version-history":[{"count":1,"href":"https:\/\/zonaroja.com.mx\/index.php?rest_route=\/wp\/v2\/posts\/14511\/revisions"}],"predecessor-version":[{"id":14513,"href":"https:\/\/zonaroja.com.mx\/index.php?rest_route=\/wp\/v2\/posts\/14511\/revisions\/14513"}],"wp:featuredmedia":[{"embeddable":true,"href":"https:\/\/zonaroja.com.mx\/index.php?rest_route=\/wp\/v2\/media\/14512"}],"wp:attachment":[{"href":"https:\/\/zonaroja.com.mx\/index.php?rest_route=%2Fwp%2Fv2%2Fmedia&parent=14511"}],"wp:term":[{"taxonomy":"category","embeddable":true,"href":"https:\/\/zonaroja.com.mx\/index.php?rest_route=%2Fwp%2Fv2%2Fcategories&post=14511"},{"taxonomy":"post_tag","embeddable":true,"href":"https:\/\/zonaroja.com.mx\/index.php?rest_route=%2Fwp%2Fv2%2Ftags&post=14511"}],"curies":[{"name":"wp","href":"https:\/\/api.w.org\/{rel}","templated":true}]}}