{"id":14514,"date":"2020-07-02T10:56:00","date_gmt":"2020-07-02T15:56:00","guid":{"rendered":"http:\/\/www.zonaroja.com.mx\/?p=14514"},"modified":"2020-07-02T10:56:04","modified_gmt":"2020-07-02T15:56:04","slug":"representantes-del-cuerpo-diplomatico-en-mexico-condenan-agresiones-a-consorcio","status":"publish","type":"post","link":"https:\/\/zonaroja.com.mx\/?p=14514","title":{"rendered":"Representantes del cuerpo diplom\u00e1tico en M\u00e9xico condenan agresiones a Consorcio"},"content":{"rendered":"\n<p>Redacci\u00f3n\/Zona\nRoja.<\/p>\n\n\n\n<p>Oaxaca\nde Ju\u00e1rez, Oax., 2 de julio de 2020.- Luego de la amenaza de muerte colocada en\nla puerta de las oficinas de Consorcio Oaxaca el pasado 15 de junio, diversos\nintegrantes del cuerpo diplom\u00e1tico en M\u00e9xico expresaron preocupaci\u00f3n y se\nsumaron a la exigencia de justicia y de protecci\u00f3n para las integrantes de la\norganizaci\u00f3n.<\/p>\n\n\n\n<p>La\nembajada de Canad\u00e1 conden\u00f3 cualquier forma de amenaza contra la organizaci\u00f3n y\nreafirm\u00f3 la importancia del respeto a la vida y labor de las personas\ndefensoras.<\/p>\n\n\n\n<p>A\nsu vez, la embajada de Reino Unido se uni\u00f3 a la exigencia de protecci\u00f3n para\nConsorcio Oaxaca y enfatiz\u00f3 que es clave garantizar la seguridad de todas las\npersonas defensoras.<\/p>\n\n\n\n<p>Finalmente,\ndesde la embajada de Estados Unidos se recalc\u00f3 la importancia de poder llevar\nante la justicia a los responsables de la amenaza. <\/p>\n\n\n\n<p>Representantes de las tres embajadas enfatizaron la importancia de la labor de las personas defensoras para la democracia y construcci\u00f3n de sociedades inclusivas., inform\u00f3 el organismo civil en un comunicado <\/p>\n\n\n\n<p>La\namenaza contra Consorcio Oaxaca se dio en el contexto de la campa\u00f1a\n#HastaQueLaJusticiaLlegue, iniciada por la periodista y defensora Soledad\nJarqu\u00edn Edgar para exigir justicia por el feminicidio de su hija, Marina del\nSol Cruz Jarqu\u00edn, quien fue asesinada el 2 de junio de 2018 en Juchit\u00e1n de\nZaragoza. <\/p>\n\n\n\n<p>A\nra\u00edz de dicha campa\u00f1a se suscitaron diversos incidentes de intimidaci\u00f3n y\nataques a la libertad de expresi\u00f3n culminando con la amenaza del 15 de junio.<\/p>\n","protected":false},"excerpt":{"rendered":"<p>Redacci\u00f3n\/Zona Roja. Oaxaca de Ju\u00e1rez, Oax., 2 de julio de 2020.- Luego de la amenaza&hellip;<\/p>\n","protected":false},"author":2,"featured_media":14515,"comment_status":"closed","ping_status":"open","sticky":false,"template":"","format":"standard","meta":{"_lmt_disableupdate":"","_lmt_disable":"","_jetpack_memberships_contains_paid_content":false,"footnotes":""},"categories":[109,47],"tags":[1093],"class_list":["post-14514","post","type-post","status-publish","format-standard","has-post-thumbnail","hentry","category-minuto-a-minuto","category-zona-gris","tag-consorcio-para-el-dialogo-oaxaca"],"jetpack_featured_media_url":"https:\/\/zonaroja.com.mx\/wp-content\/uploads\/2020\/07\/Tuits-embajadas.jpg","jetpack_sharing_enabled":true,"_links":{"self":[{"href":"https:\/\/zonaroja.com.mx\/index.php?rest_route=\/wp\/v2\/posts\/14514","targetHints":{"allow":["GET"]}}],"collection":[{"href":"https:\/\/zonaroja.com.mx\/index.php?rest_route=\/wp\/v2\/posts"}],"about":[{"href":"https:\/\/zonaroja.com.mx\/index.php?rest_route=\/wp\/v2\/types\/post"}],"author":[{"embeddable":true,"href":"https:\/\/zonaroja.com.mx\/index.php?rest_route=\/wp\/v2\/users\/2"}],"replies":[{"embeddable":true,"href":"https:\/\/zonaroja.com.mx\/index.php?rest_route=%2Fwp%2Fv2%2Fcomments&post=14514"}],"version-history":[{"count":1,"href":"https:\/\/zonaroja.com.mx\/index.php?rest_route=\/wp\/v2\/posts\/14514\/revisions"}],"predecessor-version":[{"id":14516,"href":"https:\/\/zonaroja.com.mx\/index.php?rest_route=\/wp\/v2\/posts\/14514\/revisions\/14516"}],"wp:featuredmedia":[{"embeddable":true,"href":"https:\/\/zonaroja.com.mx\/index.php?rest_route=\/wp\/v2\/media\/14515"}],"wp:attachment":[{"href":"https:\/\/zonaroja.com.mx\/index.php?rest_route=%2Fwp%2Fv2%2Fmedia&parent=14514"}],"wp:term":[{"taxonomy":"category","embeddable":true,"href":"https:\/\/zonaroja.com.mx\/index.php?rest_route=%2Fwp%2Fv2%2Fcategories&post=14514"},{"taxonomy":"post_tag","embeddable":true,"href":"https:\/\/zonaroja.com.mx\/index.php?rest_route=%2Fwp%2Fv2%2Ftags&post=14514"}],"curies":[{"name":"wp","href":"https:\/\/api.w.org\/{rel}","templated":true}]}}